{"id":16004,"date":"2024-03-14T15:32:10","date_gmt":"2024-03-14T21:32:10","guid":{"rendered":"https:\/\/fge.oaxaca.gob.mx\/?post_type=noticias&amp;p=5864"},"modified":"2024-03-14T15:32:10","modified_gmt":"2024-03-14T21:32:10","slug":"boletin-624-fgeo-aprehende-a-una-persona-por-robo-cometido-en-agravio-de-una-tienda-comercial-en-valles-centrales","status":"publish","type":"noticias","link":"https:\/\/portal.fgeo.gob.mx\/index.php\/archivos\/noticias\/boletin-624-fgeo-aprehende-a-una-persona-por-robo-cometido-en-agravio-de-una-tienda-comercial-en-valles-centrales","title":{"rendered":"BOLET\u00cdN 624.-  FGEO aprehende a una persona por Robo cometido en agravio de una tienda comercial, en Valles Centrales"},"content":{"rendered":"<ul>\n<li>Trabajadores de la empresa estaba coludidos para sustraer productos de manera ilegal, pues no reportaban ni registraban la salida de los mismos<strong>\u00a0<\/strong><\/li>\n<\/ul>\n<p><strong>Oaxaca de Ju\u00e1rez, Oax., a 14 de marzo de 2024.-<\/strong> La Fiscal\u00eda General del Estado de Oaxaca (FGEO) logr\u00f3 aprehender a una persona del sexo masculino identificada como L.A.G.V., probable responsable del delito de Robo Calificado en perjuicio patrimonial de una tienda comercial, cometido en el municipio de Santa Cruz Xoxocotl\u00e1n.<\/p>\n<p>De acuerdo con la causa penal, los hechos ocurrieron en la empresa Productos de Consumo Z. S.A. de C.V. V\u00edveres y Licores S.A. de C.V, ubicada Avenida S\u00edmbolos Patrios, en la colonia Ex Hacienda Candiani, jurisdicci\u00f3n de Santa Cruz Xoxocotl\u00e1n, cuando se detect\u00f3 que trabajadores de la tienda antes citada, estaban organizados para sustraer productos de las bodegas de manera il\u00edcita, apoder\u00e1ndose de la mercanc\u00eda en perjuicio patrimonial de la empresa.<\/p>\n<p>Gracias a las investigaciones encabezadas por la Vicefiscalia General de Control Regional, se obtuvo la orden de aprehensi\u00f3n que libr\u00f3 el Juez, por lo que elementos de la Agencia Estatal de Investigaciones (AEI) ejecutaron el mandato legal y detuvieron a L.A.G.V.<\/p>\n<p>El detenido fue presentado ante la autoridad judicial que lo requiri\u00f3, quien determinar\u00e1 su situaci\u00f3n jur\u00eddica en las pr\u00f3ximas horas.<\/p>\n<p>La Fiscal\u00eda General refrenda su compromiso de presentar ante la justicia a quien o quienes cometan delitos en perjuicio de la sociedad.<\/p>\n<p>&nbsp;<\/p>\n","protected":false},"author":2,"featured_media":5744,"comment_status":"closed","ping_status":"closed","template":"","tags":[],"categoria_noticias":[],"class_list":["post-16004","noticias","type-noticias","status-publish","has-post-thumbnail","hentry"],"acf":[],"mb":[],"mfb_rest_fields":["title","gutenberg_elementor_mode"],"_links":{"self":[{"href":"https:\/\/portal.fgeo.gob.mx\/index.php\/wp-json\/wp\/v2\/noticias\/16004","targetHints":{"allow":["GET"]}}],"collection":[{"href":"https:\/\/portal.fgeo.gob.mx\/index.php\/wp-json\/wp\/v2\/noticias"}],"about":[{"href":"https:\/\/portal.fgeo.gob.mx\/index.php\/wp-json\/wp\/v2\/types\/noticias"}],"author":[{"embeddable":true,"href":"https:\/\/portal.fgeo.gob.mx\/index.php\/wp-json\/wp\/v2\/users\/2"}],"replies":[{"embeddable":true,"href":"https:\/\/portal.fgeo.gob.mx\/index.php\/wp-json\/wp\/v2\/comments?post=16004"}],"wp:featuredmedia":[{"embeddable":true,"href":"https:\/\/portal.fgeo.gob.mx\/index.php\/wp-json\/"}],"wp:attachment":[{"href":"https:\/\/portal.fgeo.gob.mx\/index.php\/wp-json\/wp\/v2\/media?parent=16004"}],"wp:term":[{"taxonomy":"post_tag","embeddable":true,"href":"https:\/\/portal.fgeo.gob.mx\/index.php\/wp-json\/wp\/v2\/tags?post=16004"},{"taxonomy":"categoria_noticias","embeddable":true,"href":"https:\/\/portal.fgeo.gob.mx\/index.php\/wp-json\/wp\/v2\/categoria_noticias?post=16004"}],"curies":[{"name":"wp","href":"https:\/\/api.w.org\/{rel}","templated":true}]}}