{"id":16003,"date":"2024-03-13T14:07:48","date_gmt":"2024-03-13T20:07:48","guid":{"rendered":"https:\/\/fge.oaxaca.gob.mx\/?post_type=noticias&amp;p=5862"},"modified":"2024-03-13T14:07:48","modified_gmt":"2024-03-13T20:07:48","slug":"boletin-623-fiscalia-de-oaxaca-aprehende-a-tercer-integrante-de-la-banda-de-el-negro-dedicada-al-robo-de-casa-habitacion-que-operaba-en-la-capital","status":"publish","type":"noticias","link":"https:\/\/portal.fgeo.gob.mx\/index.php\/archivos\/noticias\/boletin-623-fiscalia-de-oaxaca-aprehende-a-tercer-integrante-de-la-banda-de-el-negro-dedicada-al-robo-de-casa-habitacion-que-operaba-en-la-capital","title":{"rendered":"BOLET\u00cdN 623.- Fiscal\u00eda de Oaxaca aprehende a tercer integrante de la banda de \u201cEl Negro\u201d, dedicada al robo de casa habitaci\u00f3n que operaba en la capital"},"content":{"rendered":"<ul>\n<li>Se les vincula con al menos cinco asaltos. Eran v\u00edctimas de alto perfil, entre ellas: un expresidente municipal y un empresario<\/li>\n<\/ul>\n<p><strong>Oaxaca de Ju\u00e1rez, Oax., a 13 de marzo de 2024.-<\/strong> \u00a0La Fiscal\u00eda General del Estado de Oaxaca (FGEO) obtuvo auto de vinculaci\u00f3n a proceso en contra de L. R. C. R., alias \u201cEl Chup\u00f3n\u201d, imputado por el delito de Robo, quien estar\u00eda vinculado con las actividades delictivas de la Banda de \u201cEl Negro\u201d, dedicada al robo a casa habitaci\u00f3n, por lo que ya suman tres integrantes de dicha organizaci\u00f3n delictiva, que est\u00e1n bajo proceso penal luego de tener conocimiento de al menos cinco robos que, entre las v\u00edctimas, cuentan a empresarios, funcionarios y pol\u00edticos, cometidos en la regi\u00f3n de los Valles Centrales.<\/p>\n<p>Los hechos contenidos en la causa penal 65\/2024, sucedieron el 12 de diciembre de 2023, cuando un grupo de hombres armados ingres\u00f3 a un domicilio particular localizado en la colonia Samaritana, en el municipio de Santa Mar\u00eda Atzompa, donde se apoderaron de varios objetos de valor.<\/p>\n<p>Como resultado de las labores de inteligencia encabezadas por la Vicefiscal\u00eda de Valles Centrales, la FGEO realiz\u00f3 la detenci\u00f3n de L. R. C. R., alias \u201cEl Chup\u00f3n\u201d, adem\u00e1s que obtuvo el auto de vinculaci\u00f3n a proceso luego de presentarlo ante el Juez, quien impuso prisi\u00f3n preventiva en contra del imputado y otorg\u00f3 dos meses para el cierre de la investigaci\u00f3n complementaria.<\/p>\n<p>De acuerdo con los trabajos ministeriales en torno al caso que efect\u00faa la FGEO, se estableci\u00f3 que, al menos cinco robos a casa habitaci\u00f3n estar\u00edan relacionados con las actividades il\u00edcitas de dicha banda de \u201cEL Negro\u201d.<\/p>\n<p>Estos robos sucedieron desde finales de octubre de 2023 hasta enero de 2024, los cuales fueron cometidos en la colonia Aurora, la colonia Vicente Su\u00e1rez y San Felipe del Agua, estos tres en la ciudad de Oaxaca de Ju\u00e1rez, as\u00ed como dos m\u00e1s, uno de ellos ocurri\u00f3 en San Raymundo Jalpan y el otro en el municipio de Santa Mar\u00eda Atzompa.<\/p>\n<p>El m\u00e1s reciente robo fue cometido en San Felipe del Agua, caso que expuso una de las v\u00edctimas a trav\u00e9s de un video publicado en redes sociales. La FGEO implement\u00f3 t\u00e9cnicas de investigaci\u00f3n con las cuales fue posible observar la relaci\u00f3n entre los asaltos que ten\u00edan por objetivo, en la mayor\u00eda de los casos, v\u00edctimas de alto perfil, entre las que se encuentra un expresidente municipal de Oaxaca de Ju\u00e1rez, un empresario, as\u00ed como un funcionario.<\/p>\n<p>Con la aprehensi\u00f3n y vinculaci\u00f3n de L. R. C. R., alias \u201cEl Chup\u00f3n\u201d, suman tres las personas que est\u00e1n bajo proceso penal que estar\u00edan relacionadas con la banda de \u201cEl Negro\u201d, la cual qued\u00f3 desarticulada con las primeras detenciones que se realizaron en enero de 2024, cuando elementos de la Agencia Estatal de Investigaciones (AEI) aprehendieron M. A. S. S. o M. A. C. S. o A. V. S., alias \u201cNegro o Mem\u00edn\u201d, as\u00ed como de J. L. J., alias \u201cCampos\u201d.<\/p>\n<p>Tras la captura de las dos personas, de quienes se presume ten\u00edan diferentes roles dentro de la organizaci\u00f3n delictiva, se pusieron a disposici\u00f3n de la autoridad correspondiente para determinar su situaci\u00f3n jur\u00eddica.<\/p>\n<p>En tanto que la Fiscal\u00eda de Oaxaca tiene investigaciones en curso relacionadas con estos casos para dar con el paradero de los dem\u00e1s integrantes de esta banda dedicada al Robo de Casa Habitaci\u00f3n, para inhibir las actividades il\u00edcitas que realizan.<\/p>\n<p><img fetchpriority=\"high\" decoding=\"async\" class=\"alignnone size-medium wp-image-5863\" src=\"https:\/\/portal.fgeo.gob.mx\/wp-content\/uploads\/2024\/03\/Fiscal%C3%ADa-de-Oaxaca-aprehende-a-tercer-integrante-de-la-banda-de-%E2%80%9CEl-Negro%E2%80%9D-dedicada-al-robo-de-casa-habitaci%C3%B3n-que-operaba-en-la-capital-168x300.jpeg\" alt=\"\" width=\"168\" height=\"300\" \/><\/p>\n","protected":false},"author":2,"featured_media":5744,"comment_status":"closed","ping_status":"closed","template":"","tags":[],"categoria_noticias":[],"class_list":["post-16003","noticias","type-noticias","status-publish","has-post-thumbnail","hentry"],"acf":[],"mb":[],"mfb_rest_fields":["title","gutenberg_elementor_mode"],"_links":{"self":[{"href":"https:\/\/portal.fgeo.gob.mx\/index.php\/wp-json\/wp\/v2\/noticias\/16003","targetHints":{"allow":["GET"]}}],"collection":[{"href":"https:\/\/portal.fgeo.gob.mx\/index.php\/wp-json\/wp\/v2\/noticias"}],"about":[{"href":"https:\/\/portal.fgeo.gob.mx\/index.php\/wp-json\/wp\/v2\/types\/noticias"}],"author":[{"embeddable":true,"href":"https:\/\/portal.fgeo.gob.mx\/index.php\/wp-json\/wp\/v2\/users\/2"}],"replies":[{"embeddable":true,"href":"https:\/\/portal.fgeo.gob.mx\/index.php\/wp-json\/wp\/v2\/comments?post=16003"}],"wp:featuredmedia":[{"embeddable":true,"href":"https:\/\/portal.fgeo.gob.mx\/index.php\/wp-json\/"}],"wp:attachment":[{"href":"https:\/\/portal.fgeo.gob.mx\/index.php\/wp-json\/wp\/v2\/media?parent=16003"}],"wp:term":[{"taxonomy":"post_tag","embeddable":true,"href":"https:\/\/portal.fgeo.gob.mx\/index.php\/wp-json\/wp\/v2\/tags?post=16003"},{"taxonomy":"categoria_noticias","embeddable":true,"href":"https:\/\/portal.fgeo.gob.mx\/index.php\/wp-json\/wp\/v2\/categoria_noticias?post=16003"}],"curies":[{"name":"wp","href":"https:\/\/api.w.org\/{rel}","templated":true}]}}