{"id":16001,"date":"2024-03-12T12:33:29","date_gmt":"2024-03-12T18:33:29","guid":{"rendered":"https:\/\/fge.oaxaca.gob.mx\/?post_type=noticias&amp;p=5859"},"modified":"2024-03-12T12:33:29","modified_gmt":"2024-03-12T18:33:29","slug":"boletin-620-en-prision-y-vinculado-a-proceso-queda-imputado-por-tentativa-de-homicidio-cometida-en-la-costa-fgeo","status":"publish","type":"noticias","link":"https:\/\/portal.fgeo.gob.mx\/index.php\/archivos\/noticias\/boletin-620-en-prision-y-vinculado-a-proceso-queda-imputado-por-tentativa-de-homicidio-cometida-en-la-costa-fgeo","title":{"rendered":"BOLET\u00cdN 620.- En prisi\u00f3n y vinculado a proceso, queda imputado por tentativa de homicidio cometida en la Costa: FGEO"},"content":{"rendered":"<p style=\"font-weight: 400\"><strong>Oaxaca de Ju\u00e1rez, Oax., a 11 de marzo de 2024.-\u00a0<\/strong>La Fiscal\u00eda General del Estado de Oaxaca (FGEO) obtuvo auto de vinculaci\u00f3n a proceso en contra de una persona del sexo masculino identificada por las iniciales G. R. T., por el delito de Tentativa de Homicidio, por hechos ocurridos en la regi\u00f3n de la Costa.<\/p>\n<p style=\"font-weight: 400\">\u00a0Los hechos ocurrieron el 25 de febrero de 2024, cuando la v\u00edctima -un adolescente cuya identidad est\u00e1 protegida por ley- se encontraba en la localidad de Cuarto, que est\u00e1 situada en el municipio de Santa Mar\u00eda Tonameca, hasta donde lleg\u00f3 el agresor.<\/p>\n<p style=\"font-weight: 400\">\u00a0Luego de amenazar a la v\u00edctima, el agresor lo atac\u00f3 con un arma corto contundente (machete) con la que infligi\u00f3 lesiones en diferentes partes del cuerpo, agresi\u00f3n que se detuvo gracias a la intervenci\u00f3n de una tercera persona.<\/p>\n<p style=\"font-weight: 400\">\u00a0La v\u00edctima acudi\u00f3 ante FGEO para poner su denuncia, por lo que se iniciaron las investigaciones que quedaron a cargo de la Vicefiscal\u00eda Regional de la Costa que obtuvo los datos de prueba suficientes para que se liberara la orden de aprehensi\u00f3n en contra de G. R. T., quien fue presentado ante el juzgado.<\/p>\n<p style=\"font-weight: 400\">\u00a0Tras evaluar los resultados de los trabajos ministeriales, el Juez en turno dict\u00f3 auto de vinculaci\u00f3n a proceso en contra de G. R. T., a quien le impusieron la medida cautelar de prisi\u00f3n preventiva y otorgaron dos meses para el cierre de la investigaci\u00f3n complementaria.<\/p>\n<p style=\"font-weight: 400\">\u00a0La denuncia penal oportuna es una herramienta clave para que la Fiscal\u00eda General del Estado de Oaxaca tenga resultados inmediatos a favor de las v\u00edctimas en los procesos de procuraci\u00f3n de justicia.<\/p>\n","protected":false},"author":2,"featured_media":5744,"comment_status":"closed","ping_status":"closed","template":"","tags":[],"categoria_noticias":[],"class_list":["post-16001","noticias","type-noticias","status-publish","has-post-thumbnail","hentry"],"acf":[],"mb":[],"mfb_rest_fields":["title","gutenberg_elementor_mode"],"_links":{"self":[{"href":"https:\/\/portal.fgeo.gob.mx\/index.php\/wp-json\/wp\/v2\/noticias\/16001","targetHints":{"allow":["GET"]}}],"collection":[{"href":"https:\/\/portal.fgeo.gob.mx\/index.php\/wp-json\/wp\/v2\/noticias"}],"about":[{"href":"https:\/\/portal.fgeo.gob.mx\/index.php\/wp-json\/wp\/v2\/types\/noticias"}],"author":[{"embeddable":true,"href":"https:\/\/portal.fgeo.gob.mx\/index.php\/wp-json\/wp\/v2\/users\/2"}],"replies":[{"embeddable":true,"href":"https:\/\/portal.fgeo.gob.mx\/index.php\/wp-json\/wp\/v2\/comments?post=16001"}],"wp:featuredmedia":[{"embeddable":true,"href":"https:\/\/portal.fgeo.gob.mx\/index.php\/wp-json\/"}],"wp:attachment":[{"href":"https:\/\/portal.fgeo.gob.mx\/index.php\/wp-json\/wp\/v2\/media?parent=16001"}],"wp:term":[{"taxonomy":"post_tag","embeddable":true,"href":"https:\/\/portal.fgeo.gob.mx\/index.php\/wp-json\/wp\/v2\/tags?post=16001"},{"taxonomy":"categoria_noticias","embeddable":true,"href":"https:\/\/portal.fgeo.gob.mx\/index.php\/wp-json\/wp\/v2\/categoria_noticias?post=16001"}],"curies":[{"name":"wp","href":"https:\/\/api.w.org\/{rel}","templated":true}]}}