{"id":16000,"date":"2024-03-08T13:30:38","date_gmt":"2024-03-08T19:30:38","guid":{"rendered":"https:\/\/fge.oaxaca.gob.mx\/?post_type=noticias&amp;p=5855"},"modified":"2024-03-08T13:30:38","modified_gmt":"2024-03-08T19:30:38","slug":"boletin-619-logra-fiscalia-de-oaxacaimputacion-por-homicidio-doloso-por-muerte-de-cinco-personas-ocurrido-durante-incendio-de-san-lucas-quiavini","status":"publish","type":"noticias","link":"https:\/\/portal.fgeo.gob.mx\/index.php\/archivos\/noticias\/boletin-619-logra-fiscalia-de-oaxacaimputacion-por-homicidio-doloso-por-muerte-de-cinco-personas-ocurrido-durante-incendio-de-san-lucas-quiavini","title":{"rendered":"BOLET\u00cdN 619.- Logra Fiscal\u00eda de Oaxaca imputaci\u00f3n por Homicidio Culposo por muerte de cinco personas ocurrido durante incendio de San Lucas Quiavin\u00ed"},"content":{"rendered":"<p>Oaxaca de Ju\u00e1rez, Oax., a 08 de marzo de 2024.- La Fiscal\u00eda General del Estado de Oaxaca (FGEO) llev\u00f3 ante el Juez a V. M. C., audiencia en la que se calific\u00f3 como legal la detenci\u00f3n del imputado y se le comunic\u00f3 la imputaci\u00f3n por el delito de Homicidio Culposo en agravio de cinco personas que perdieron la vida cuando participaban en las labores para sofocar un incendio suscitado en San Lucas Quiavin\u00ed.<\/p>\n<p>Los hechos ocurrieron el 26 de febrero, cuando el fuego se propag\u00f3 por el cerro de Quiavin\u00ed, conflagraci\u00f3n que se prolong\u00f3 hasta el 29 de febrero de 2024, cuando finalmente qued\u00f3 sofocado gracias al trabajo conjunto de la poblaci\u00f3n civil con autoridades del gobierno Estatal.<\/p>\n<p>De acuerdo con el resultado de las investigaciones preliminares de la Fiscal\u00eda de Oaxaca, a trav\u00e9s de la Vicefiscal\u00eda de Valles Centrales, el incidente podr\u00eda haberse generado cuando aplicaban la t\u00e9cnica de roza, tumba y quema en el paraje conocido como Nesio Nii Guiavnii, sitio que se ha identificado como el punto de partida de donde se propag\u00f3 el fuego.<\/p>\n<p>A partir del resultado de los trabajos ministeriales encabezados por la FGEO, se obtuvo la orden de aprehensi\u00f3n correspondiente que se ejecut\u00f3 en contra de una persona del sexo masculino identificada por las iniciales V. M. C., quien fue presentado ante el Juez de Control quien calific\u00f3 como legal la detenci\u00f3n y comunic\u00f3 la imputaci\u00f3n por el delito de Homicidio Culposo en agravio de cinco hombres: R. A. M., P. C., F. G. L., C. D. y J. H. L., derivado de lo cual se dict\u00f3 la medida de prisi\u00f3n preventiva justificada provisional.<\/p>\n<p><img fetchpriority=\"high\" decoding=\"async\" class=\"alignnone size-medium wp-image-5856\" src=\"https:\/\/portal.fgeo.gob.mx\/wp-content\/uploads\/2024\/03\/Logra-Fiscal%C3%ADa-de-Oaxacaimputaci%C3%B3n-por-Homicidio-Doloso-por-muerte-de-cinco-personas-ocurrido-duranteincendio-de-San-Lucas-Quiavin%C3%AD-225x300.jpeg\" alt=\"\" width=\"225\" height=\"300\" \/><\/p>\n<p>La Fiscal\u00eda de Oaxaca refrenda su compromiso para entregar resultados expeditos y con estricto apego a derecho respecto a los delitos de impacto social, para establecer la verdad jur\u00eddica de los hechos y que las v\u00edctimas directas e indirectas tengan pleno acceso a la justicia.<\/p>\n","protected":false},"author":2,"featured_media":5744,"comment_status":"closed","ping_status":"closed","template":"","tags":[],"categoria_noticias":[],"class_list":["post-16000","noticias","type-noticias","status-publish","has-post-thumbnail","hentry"],"acf":[],"mb":[],"mfb_rest_fields":["title","gutenberg_elementor_mode"],"_links":{"self":[{"href":"https:\/\/portal.fgeo.gob.mx\/index.php\/wp-json\/wp\/v2\/noticias\/16000","targetHints":{"allow":["GET"]}}],"collection":[{"href":"https:\/\/portal.fgeo.gob.mx\/index.php\/wp-json\/wp\/v2\/noticias"}],"about":[{"href":"https:\/\/portal.fgeo.gob.mx\/index.php\/wp-json\/wp\/v2\/types\/noticias"}],"author":[{"embeddable":true,"href":"https:\/\/portal.fgeo.gob.mx\/index.php\/wp-json\/wp\/v2\/users\/2"}],"replies":[{"embeddable":true,"href":"https:\/\/portal.fgeo.gob.mx\/index.php\/wp-json\/wp\/v2\/comments?post=16000"}],"wp:featuredmedia":[{"embeddable":true,"href":"https:\/\/portal.fgeo.gob.mx\/index.php\/wp-json\/"}],"wp:attachment":[{"href":"https:\/\/portal.fgeo.gob.mx\/index.php\/wp-json\/wp\/v2\/media?parent=16000"}],"wp:term":[{"taxonomy":"post_tag","embeddable":true,"href":"https:\/\/portal.fgeo.gob.mx\/index.php\/wp-json\/wp\/v2\/tags?post=16000"},{"taxonomy":"categoria_noticias","embeddable":true,"href":"https:\/\/portal.fgeo.gob.mx\/index.php\/wp-json\/wp\/v2\/categoria_noticias?post=16000"}],"curies":[{"name":"wp","href":"https:\/\/api.w.org\/{rel}","templated":true}]}}