{"id":15995,"date":"2024-03-06T13:30:00","date_gmt":"2024-03-06T19:30:00","guid":{"rendered":"https:\/\/fge.oaxaca.gob.mx\/?post_type=noticias&amp;p=5850"},"modified":"2024-03-06T13:30:00","modified_gmt":"2024-03-06T19:30:00","slug":"boletin-614-queda-vinculado-a-proceso-y-en-prision-imputado-por-violencia-familiar-registrada-durante-transmision-en-redes-sociales-en-telixtlahuaca-fiscalia-de-oaxaca","status":"publish","type":"noticias","link":"https:\/\/portal.fgeo.gob.mx\/index.php\/archivos\/noticias\/boletin-614-queda-vinculado-a-proceso-y-en-prision-imputado-por-violencia-familiar-registrada-durante-transmision-en-redes-sociales-en-telixtlahuaca-fiscalia-de-oaxaca","title":{"rendered":"BOLET\u00cdN 614.-  Queda vinculado a proceso y en prisi\u00f3n, imputado por Violencia Familiar registrada durante transmisi\u00f3n en redes sociales, en Telixtlahuaca: Fiscal\u00eda de Oaxaca"},"content":{"rendered":"<p>Oaxaca de Ju\u00e1rez, Oax., a 06 de marzo de 2024.- La Fiscal\u00eda General del Estado de Oaxaca (FGEO) obtuvo auto de vinculaci\u00f3n a proceso y prisi\u00f3n preventiva en contra de una persona del sexo masculino identificada como J.M.F.R., por el delito de Violencia Familiar, cometido en agravio de su pareja de iniciales M.J.R.G., hechos ocurridos en el municipio de San Francisco Telixtlahuaca.<\/p>\n<p>De acuerdo con la causa penal, los hechos ocurrieron el 27 de febrero de 2024, cuando la v\u00edctima se encontraban dentro de su domicilio, sitio en el que sufri\u00f3 agresiones f\u00edsicas, sexuales y psicol\u00f3gicas, situaci\u00f3n que sucedi\u00f3 mientras realizaba una transmisi\u00f3n en vivo en redes sociales, durante la cual se le pudo observar solicitando ayuda ante las agresiones.<\/p>\n<p>Luego de la detenci\u00f3n de J. M. F. R., fue puesto a disposici\u00f3n y tras recibir la denuncia, la Instituci\u00f3n de Procuraci\u00f3n de Justicia inici\u00f3 una exhaustiva investigaci\u00f3n, a trav\u00e9s de la Fiscal\u00eda Especializada para la Atenci\u00f3n de Delitos contra la Mujer por raz\u00f3n de G\u00e9nero.<\/p>\n<p>Tras llevarlo a audiencia ante el Juez de Control, este dict\u00f3 auto de vinculaci\u00f3n a proceso en contra de J. M. F. R. por el delito de Violencia Familiar, adem\u00e1s que impuso la medida cautelar de prisi\u00f3n preventiva, otorgando dos meses para el cierre de investigaci\u00f3n.<\/p>\n<p>La Fiscal\u00eda General del Estado en los casos relacionados con delitos cometidos contra las mujeres realiza investigaciones multidisciplinarias y con perspectiva de g\u00e9nero que permitan brindar a las v\u00edctimas directas e indirectas adecuados procesos de procuraci\u00f3n de justicia.<\/p>\n","protected":false},"author":2,"featured_media":5744,"comment_status":"closed","ping_status":"closed","template":"","tags":[],"categoria_noticias":[],"class_list":["post-15995","noticias","type-noticias","status-publish","has-post-thumbnail","hentry"],"acf":[],"mb":[],"mfb_rest_fields":["title","gutenberg_elementor_mode"],"_links":{"self":[{"href":"https:\/\/portal.fgeo.gob.mx\/index.php\/wp-json\/wp\/v2\/noticias\/15995","targetHints":{"allow":["GET"]}}],"collection":[{"href":"https:\/\/portal.fgeo.gob.mx\/index.php\/wp-json\/wp\/v2\/noticias"}],"about":[{"href":"https:\/\/portal.fgeo.gob.mx\/index.php\/wp-json\/wp\/v2\/types\/noticias"}],"author":[{"embeddable":true,"href":"https:\/\/portal.fgeo.gob.mx\/index.php\/wp-json\/wp\/v2\/users\/2"}],"replies":[{"embeddable":true,"href":"https:\/\/portal.fgeo.gob.mx\/index.php\/wp-json\/wp\/v2\/comments?post=15995"}],"wp:featuredmedia":[{"embeddable":true,"href":"https:\/\/portal.fgeo.gob.mx\/index.php\/wp-json\/"}],"wp:attachment":[{"href":"https:\/\/portal.fgeo.gob.mx\/index.php\/wp-json\/wp\/v2\/media?parent=15995"}],"wp:term":[{"taxonomy":"post_tag","embeddable":true,"href":"https:\/\/portal.fgeo.gob.mx\/index.php\/wp-json\/wp\/v2\/tags?post=15995"},{"taxonomy":"categoria_noticias","embeddable":true,"href":"https:\/\/portal.fgeo.gob.mx\/index.php\/wp-json\/wp\/v2\/categoria_noticias?post=15995"}],"curies":[{"name":"wp","href":"https:\/\/api.w.org\/{rel}","templated":true}]}}