{"id":15992,"date":"2024-03-04T12:25:20","date_gmt":"2024-03-04T18:25:20","guid":{"rendered":"https:\/\/fge.oaxaca.gob.mx\/?post_type=noticias&amp;p=5847"},"modified":"2024-03-04T12:25:20","modified_gmt":"2024-03-04T18:25:20","slug":"boletin-611-fiscalia-de-oaxaca-presenta-ante-el-juez-de-control-a-detenido-por-agresion-de-una-mujer-durante-transmision-en-redes-sociales-hechos-ocurridos-en-telixtlahuaca","status":"publish","type":"noticias","link":"https:\/\/portal.fgeo.gob.mx\/index.php\/archivos\/noticias\/boletin-611-fiscalia-de-oaxaca-presenta-ante-el-juez-de-control-a-detenido-por-agresion-de-una-mujer-durante-transmision-en-redes-sociales-hechos-ocurridos-en-telixtlahuaca","title":{"rendered":"BOLET\u00cdN 611.-  Fiscal\u00eda de Oaxaca presenta ante el Juez de Control a detenido por agresi\u00f3n de una mujer durante transmisi\u00f3n en redes sociales, hechos ocurridos en Telixtlahuaca"},"content":{"rendered":"<p>Oaxaca de Ju\u00e1rez, Oax., a 04 de marzo de 2024.- La Fiscal\u00eda General del Estado de Oaxaca (FGEO) present\u00f3 ante el Juez de control a una persona del sexo masculino identificada como J.M.F.R. se\u00f1alado como probable responsable del delito de Violencia Familiar, cometido en agravio de su pareja de iniciales M.J.R.G. hechos ocurridos en el municipio de San Francisco Telixtlahuaca, caso en el que la v\u00edctima solicit\u00f3 ayuda a trav\u00e9s de una transmisi\u00f3n en vivo realizada a trav\u00e9s de redes sociales.<\/p>\n<p>De acuerdo con la causa penal 231\/2024, el 27 de febrero de 2024, la v\u00edctima sufri\u00f3 agresiones f\u00edsicas, sexuales y psicol\u00f3gicas cuando se encontraban dentro de su domicilio, situaci\u00f3n que sucedi\u00f3 mientras realizaba una transmisi\u00f3n en vivo en redes sociales, durante la cual se le pudo observar solicitando ayuda ante las agresiones.<\/p>\n<p>Luego de la detenci\u00f3n de J. M. F. R., fue puesto a disposici\u00f3n y tras recibir la denuncia, la Instituci\u00f3n de Procuraci\u00f3n de Justicia, inici\u00f3 una exhaustiva investigaci\u00f3n, a trav\u00e9s de la Fiscal\u00eda Especializada para la Atenci\u00f3n de Delitos contra la Mujer por raz\u00f3n de G\u00e9nero.<\/p>\n<p>En audiencia inicial de Control de Detenci\u00f3n y comunicaci\u00f3n a la imputaci\u00f3n, el Juez de Control impuso Prisi\u00f3n Preventiva Justificada de manera provisional contra el imputado.<\/p>\n<p>La Fiscal\u00eda General, reitera en los hechos, su compromiso de llevar ante la Justicia a todo aquel que vulnere los derechos y la integridad de Ni\u00f1as, Ni\u00f1os, Adolescentes y Mujeres.<\/p>\n<p>&nbsp;<\/p>\n","protected":false},"author":2,"featured_media":5846,"comment_status":"closed","ping_status":"closed","template":"","tags":[],"categoria_noticias":[],"class_list":["post-15992","noticias","type-noticias","status-publish","has-post-thumbnail","hentry"],"acf":[],"mb":[],"mfb_rest_fields":["title","gutenberg_elementor_mode"],"_links":{"self":[{"href":"https:\/\/portal.fgeo.gob.mx\/index.php\/wp-json\/wp\/v2\/noticias\/15992","targetHints":{"allow":["GET"]}}],"collection":[{"href":"https:\/\/portal.fgeo.gob.mx\/index.php\/wp-json\/wp\/v2\/noticias"}],"about":[{"href":"https:\/\/portal.fgeo.gob.mx\/index.php\/wp-json\/wp\/v2\/types\/noticias"}],"author":[{"embeddable":true,"href":"https:\/\/portal.fgeo.gob.mx\/index.php\/wp-json\/wp\/v2\/users\/2"}],"replies":[{"embeddable":true,"href":"https:\/\/portal.fgeo.gob.mx\/index.php\/wp-json\/wp\/v2\/comments?post=15992"}],"wp:featuredmedia":[{"embeddable":true,"href":"https:\/\/portal.fgeo.gob.mx\/index.php\/wp-json\/"}],"wp:attachment":[{"href":"https:\/\/portal.fgeo.gob.mx\/index.php\/wp-json\/wp\/v2\/media?parent=15992"}],"wp:term":[{"taxonomy":"post_tag","embeddable":true,"href":"https:\/\/portal.fgeo.gob.mx\/index.php\/wp-json\/wp\/v2\/tags?post=15992"},{"taxonomy":"categoria_noticias","embeddable":true,"href":"https:\/\/portal.fgeo.gob.mx\/index.php\/wp-json\/wp\/v2\/categoria_noticias?post=15992"}],"curies":[{"name":"wp","href":"https:\/\/api.w.org\/{rel}","templated":true}]}}