{"id":15988,"date":"2024-02-28T12:34:46","date_gmt":"2024-02-28T18:34:46","guid":{"rendered":"https:\/\/fge.oaxaca.gob.mx\/?post_type=noticias&amp;p=5841"},"modified":"2024-02-28T12:34:46","modified_gmt":"2024-02-28T18:34:46","slug":"boletin-607-queda-a-disposicion-del-ministerio-publico-sujeto-detenido-luego-que-victima-solicito-auxilio-por-violencia-familiar-a-traves-de-transmision-en-vivo-en-redes-sociales-por-hechos-ocurri","status":"publish","type":"noticias","link":"https:\/\/portal.fgeo.gob.mx\/index.php\/archivos\/noticias\/boletin-607-queda-a-disposicion-del-ministerio-publico-sujeto-detenido-luego-que-victima-solicito-auxilio-por-violencia-familiar-a-traves-de-transmision-en-vivo-en-redes-sociales-por-hechos-ocurri","title":{"rendered":"BOLET\u00cdN 607.- Queda a disposici\u00f3n del Ministerio P\u00fablico, sujeto detenido luego que v\u00edctima solicit\u00f3 auxilio por violencia familiar a trav\u00e9s de transmisi\u00f3n en vivo en redes sociales, por hechos ocurridos en Telixtlahuaca: Fiscal\u00eda de Oaxaca"},"content":{"rendered":"<p>Oaxaca de Ju\u00e1rez, Oax., a 28 de febrero de 2024.- Como parte de la estrategia de cero tolerancia a delitos contra la mujer por raz\u00f3n de g\u00e9nero, la Fiscal\u00eda General del Estado de Oaxaca informa que una persona del sexo masculino identificado como J.M.F.R. fue puesta a disposici\u00f3n de la autoridad ministerial correspondiente para que se determine su situaci\u00f3n jur\u00eddica por su probable responsabilidad en la comisi\u00f3n de violencia familiar ocurrida en Telixtlahuaca, caso en el que la v\u00edctima solicit\u00f3 ayuda a trav\u00e9s de una transmisi\u00f3n en vivo realizada a trav\u00e9s de redes sociales.<\/p>\n<p>El organismo procurador de justicia detall\u00f3 que inici\u00f3 una carpeta de investigaci\u00f3n por el delito de violencia familiar, luego que el imputado fue puesto a disposici\u00f3n de la FGEO, tras su detenci\u00f3n realizada por la polic\u00eda municipal de San Francisco Telixtlahuaca junto a la Polic\u00eda Estatal, que intervinieron tras identificar la solicitud de auxilio que realiz\u00f3 la v\u00edctima identificada como M.J.R.G. cuando hac\u00eda una transmisi\u00f3n en vivo en redes sociales, momento en que hizo una se\u00f1al de auxilio gracias a la cual recibi\u00f3 el apoyo de las autoridades.<\/p>\n<p>La acci\u00f3n policial permiti\u00f3 detener a una persona del sexo masculino identificada como J.M.F.R. quien se encuentra a disposici\u00f3n del Ministerio P\u00fablico de la Fiscal\u00eda Especializada para la Atenci\u00f3n a Delitos Contra la Mujer por Raz\u00f3n de G\u00e9nero que efect\u00faa las labores de investigaci\u00f3n para determinar el grado de responsabilidad de la persona detenida y, a partir de ello, tomar las acciones legales para ejercer la acci\u00f3n penal pertinente para que se determine su situaci\u00f3n jur\u00eddica.<\/p>\n<p>Mientras que, a trav\u00e9s de las diferentes instancias especializadas de delitos contra la mujer por raz\u00f3n de g\u00e9nero se brinda una atenci\u00f3n integral a la v\u00edctima, as\u00ed como a sus hijas e hijos, pues para el organismo procurador de justicia es prioritario atender no solo los aspectos jur\u00eddicos de estos casos, sino proporcionar una atenci\u00f3n humana y cercana que permita coadyuvar en el fortalecimiento de las v\u00edctimas.<\/p>\n<p>&nbsp;<\/p>\n","protected":false},"author":2,"featured_media":5744,"comment_status":"closed","ping_status":"closed","template":"","tags":[],"categoria_noticias":[],"class_list":["post-15988","noticias","type-noticias","status-publish","has-post-thumbnail","hentry"],"acf":[],"mb":[],"mfb_rest_fields":["title","gutenberg_elementor_mode"],"_links":{"self":[{"href":"https:\/\/portal.fgeo.gob.mx\/index.php\/wp-json\/wp\/v2\/noticias\/15988","targetHints":{"allow":["GET"]}}],"collection":[{"href":"https:\/\/portal.fgeo.gob.mx\/index.php\/wp-json\/wp\/v2\/noticias"}],"about":[{"href":"https:\/\/portal.fgeo.gob.mx\/index.php\/wp-json\/wp\/v2\/types\/noticias"}],"author":[{"embeddable":true,"href":"https:\/\/portal.fgeo.gob.mx\/index.php\/wp-json\/wp\/v2\/users\/2"}],"replies":[{"embeddable":true,"href":"https:\/\/portal.fgeo.gob.mx\/index.php\/wp-json\/wp\/v2\/comments?post=15988"}],"wp:featuredmedia":[{"embeddable":true,"href":"https:\/\/portal.fgeo.gob.mx\/index.php\/wp-json\/"}],"wp:attachment":[{"href":"https:\/\/portal.fgeo.gob.mx\/index.php\/wp-json\/wp\/v2\/media?parent=15988"}],"wp:term":[{"taxonomy":"post_tag","embeddable":true,"href":"https:\/\/portal.fgeo.gob.mx\/index.php\/wp-json\/wp\/v2\/tags?post=15988"},{"taxonomy":"categoria_noticias","embeddable":true,"href":"https:\/\/portal.fgeo.gob.mx\/index.php\/wp-json\/wp\/v2\/categoria_noticias?post=15988"}],"curies":[{"name":"wp","href":"https:\/\/api.w.org\/{rel}","templated":true}]}}