{"id":15987,"date":"2024-02-27T15:58:53","date_gmt":"2024-02-27T21:58:53","guid":{"rendered":"https:\/\/fge.oaxaca.gob.mx\/?post_type=noticias&amp;p=5834"},"modified":"2024-02-27T15:58:53","modified_gmt":"2024-02-27T21:58:53","slug":"boletin-606-fgeo-firma-convenio-con-sebienti-para-brindar-acompanamiento-y-atencion-integral-de-victimas-indirectas-de-feminicidio","status":"publish","type":"noticias","link":"https:\/\/portal.fgeo.gob.mx\/index.php\/archivos\/noticias\/boletin-606-fgeo-firma-convenio-con-sebienti-para-brindar-acompanamiento-y-atencion-integral-de-victimas-indirectas-de-feminicidio","title":{"rendered":"BOLET\u00cdN 606.-  FGEO firma convenio con SEBIENTI para brindar acompa\u00f1amiento y atenci\u00f3n integral de v\u00edctimas indirectas de feminicidio"},"content":{"rendered":"<p>Oaxaca de Ju\u00e1rez, Oax., a 27 de febrero de 2024.- Al firmar un convenio de colaboraci\u00f3n entre la Fiscal\u00eda General del Estado de Oaxaca (FGEO)\u00a0 y la Secretar\u00eda de Bienestar, Tequio e Inclusi\u00f3n del Estado de Oaxaca (SEBIENTI), el Fiscal General, Bernardo Rodr\u00edguez Alamilla, sostuvo que, desde el \u00f3rgano procurador de justicia asume el compromiso de brindar una atenci\u00f3n con un enfoque integral para ni\u00f1as, ni\u00f1os y adolescentes que son v\u00edctimas indirectas de casos de violencia contra las mujeres.<\/p>\n<p><img fetchpriority=\"high\" decoding=\"async\" class=\"alignnone size-medium wp-image-5837\" src=\"https:\/\/portal.fgeo.gob.mx\/wp-content\/uploads\/2024\/02\/FOTO-3-300x200.jpeg\" alt=\"\" width=\"300\" height=\"200\" \/><\/p>\n<p>En presencia de la Secretar\u00eda de Bienestar, Tequio e Inclusi\u00f3n, Luz Alejandra Hern\u00e1ndez Rojas; el Fiscal General del Estado de Oaxaca, Bernardo Rodr\u00edguez Alamilla reconoci\u00f3 la importancia de programas que prestan atenci\u00f3n a mujeres, ni\u00f1as, ni\u00f1os y adolescentes v\u00edctimas indirectas de los delitos de feminicidio, homicidio doloso de mujeres y homicidio.<\/p>\n<p><img decoding=\"async\" class=\"alignnone size-medium wp-image-5838\" src=\"https:\/\/portal.fgeo.gob.mx\/wp-content\/uploads\/2024\/02\/FOTO-4-300x200.jpeg\" alt=\"\" width=\"300\" height=\"200\" \/><\/p>\n<p>Rodr\u00edguez Alamilla resalt\u00f3 que, la Fiscal\u00eda General de Oaxaca est\u00e1 atenta y comprometida con las pol\u00edticas p\u00fablicas y programas que pongan en el centro de la toma de decisiones a las personas, y atender en forma integral a las v\u00edctimas para contrarrestar parte de los efectos que ocasionan estos delitos.<\/p>\n<p>Por su parte, la Secretar\u00eda de Bienestar, Tequio e Inclusi\u00f3n, Luz Alejandra Hern\u00e1ndez Rojas, indic\u00f3 que la colaboraci\u00f3n interinstitucional es fundamental, pues permite crear estrategias de atenci\u00f3n y acercamiento puntual con las v\u00edctimas directas e indirectas.<\/p>\n<p><img decoding=\"async\" class=\"alignnone size-medium wp-image-5835\" src=\"https:\/\/portal.fgeo.gob.mx\/wp-content\/uploads\/2024\/02\/FOTO1-300x200.jpeg\" alt=\"\" width=\"300\" height=\"200\" \/><\/p>\n<p>Detall\u00f3 que, el convenio de colaboraci\u00f3n busca brindar atenci\u00f3n a mujeres jefas de familia v\u00edctimas indirectas que tengan bajo su custodia o resguardo a ni\u00f1as y ni\u00f1os; v\u00edctimas indirectas de feminicidio, homicidio doloso y homicidio, as\u00ed como de usuarias de v\u00edctimas no denunciantes que se atienden a trav\u00e9s del Centro de Justicia para las Mujeres que sean jefas de familia; a ni\u00f1as, ni\u00f1os y adolescentes en situaci\u00f3n de orfandad.<\/p>\n<p>Adem\u00e1s de realizar acciones de capacitaci\u00f3n e intercambio de informaci\u00f3n que favorezca la atenci\u00f3n a la ciudadan\u00eda oaxaque\u00f1a.<\/p>\n<p>Durante el acto protocolario, estuvieron presentes el director jur\u00eddico de la Sebienti, Iv\u00e1n Garc\u00eda L\u00f3pez; la fiscal especializada para la Atenci\u00f3n de Delitos contra la Mujer por Raz\u00f3n de G\u00e9nero, Margarita Guzm\u00e1n Corsi; as\u00ed como personal de la Fiscal\u00eda General de Oaxaca.<\/p>\n<p><img loading=\"lazy\" decoding=\"async\" class=\"alignnone size-medium wp-image-5840\" src=\"https:\/\/portal.fgeo.gob.mx\/wp-content\/uploads\/2024\/02\/FOTO-6-300x146.jpeg\" alt=\"\" width=\"300\" height=\"146\" \/><\/p>\n","protected":false},"author":2,"featured_media":5744,"comment_status":"closed","ping_status":"closed","template":"","tags":[],"categoria_noticias":[],"class_list":["post-15987","noticias","type-noticias","status-publish","has-post-thumbnail","hentry"],"acf":[],"mb":[],"mfb_rest_fields":["title","gutenberg_elementor_mode"],"_links":{"self":[{"href":"https:\/\/portal.fgeo.gob.mx\/index.php\/wp-json\/wp\/v2\/noticias\/15987","targetHints":{"allow":["GET"]}}],"collection":[{"href":"https:\/\/portal.fgeo.gob.mx\/index.php\/wp-json\/wp\/v2\/noticias"}],"about":[{"href":"https:\/\/portal.fgeo.gob.mx\/index.php\/wp-json\/wp\/v2\/types\/noticias"}],"author":[{"embeddable":true,"href":"https:\/\/portal.fgeo.gob.mx\/index.php\/wp-json\/wp\/v2\/users\/2"}],"replies":[{"embeddable":true,"href":"https:\/\/portal.fgeo.gob.mx\/index.php\/wp-json\/wp\/v2\/comments?post=15987"}],"wp:featuredmedia":[{"embeddable":true,"href":"https:\/\/portal.fgeo.gob.mx\/index.php\/wp-json\/"}],"wp:attachment":[{"href":"https:\/\/portal.fgeo.gob.mx\/index.php\/wp-json\/wp\/v2\/media?parent=15987"}],"wp:term":[{"taxonomy":"post_tag","embeddable":true,"href":"https:\/\/portal.fgeo.gob.mx\/index.php\/wp-json\/wp\/v2\/tags?post=15987"},{"taxonomy":"categoria_noticias","embeddable":true,"href":"https:\/\/portal.fgeo.gob.mx\/index.php\/wp-json\/wp\/v2\/categoria_noticias?post=15987"}],"curies":[{"name":"wp","href":"https:\/\/api.w.org\/{rel}","templated":true}]}}