{"id":15986,"date":"2024-02-27T11:00:44","date_gmt":"2024-02-27T17:00:44","guid":{"rendered":"https:\/\/fge.oaxaca.gob.mx\/?post_type=noticias&amp;p=5832"},"modified":"2024-02-27T11:00:44","modified_gmt":"2024-02-27T17:00:44","slug":"boletin-605-logra-fgeo-detencion-de-dos-personas-por-delito-de-desaparicion-de-una-persona-e-inhumacion-clandestina-en-el-istmo","status":"publish","type":"noticias","link":"https:\/\/portal.fgeo.gob.mx\/index.php\/archivos\/noticias\/boletin-605-logra-fgeo-detencion-de-dos-personas-por-delito-de-desaparicion-de-una-persona-e-inhumacion-clandestina-en-el-istmo","title":{"rendered":"BOLET\u00cdN 605.- Logra FGEO detenci\u00f3n de dos personas por delito de desaparici\u00f3n de una persona e inhumaci\u00f3n clandestina en el Istmo"},"content":{"rendered":"<p><strong>Logra FGEO detenci\u00f3n de dos personas por delito de desaparici\u00f3n de una persona e inhumaci\u00f3n clandestina en el Istmo<\/strong><\/p>\n<p>Oaxaca de Ju\u00e1rez, Oax., a 27 de febrero de 2024.- La Fiscal\u00eda General del Estado de Oaxaca (FGEO) ejecut\u00f3 una orden de aprehensi\u00f3n en contra de dos personas del sexo masculino identificadas como C.A.L.M. y M.A.V.G., por el delito de desaparici\u00f3n cometida por particulares e inhumaci\u00f3n clandestina, hechos que ocurrieron en la regi\u00f3n del Istmo de Tehuantepec.<\/p>\n<p>La FGEO detall\u00f3 que estas detenciones son resultado de las acciones ministeriales realizadas a trav\u00e9s de la Vicefiscal\u00eda Regional del Istmo, pues la tarde del viernes 22 de febrero de 2024 se realiz\u00f3 un cateo al interior de un domicilio localizado en la Avenida Guadalupe Victoria de la Colonia la Estaci\u00f3n en el municipio en Ciudad Ixtepec.<\/p>\n<p>El operativo fue realizado por un equipo multidisciplinario encabezado por elementos de la Agencia Estatal de Investigaciones (AEI), en colaboraci\u00f3n con la Guardia Nacional, la Secretar\u00eda de la Defensa Nacional (SEDENA) y la Polic\u00eda Estatal, el cual dio como resultado el hallazgo del cuerpo de una persona identificada como J. A. D. C., adem\u00e1s de encontrar diversos indicios que permitieron fortalecer las l\u00edneas de investigaci\u00f3n.<\/p>\n<p>De acuerdo con el expediente penal, los hechos sucedieron el 11 de febrero de 2024, la v\u00edctima se encontraba en un establecimiento comercial en el que unas personas comenzaron a golpear a la v\u00edctima la cual trato de huir, pero fue agredido con un arma de fuego que le provoc\u00f3 heridas que le causaron la muerte, posteriormente cavaron una fosa, cargaron el cuerpo de la v\u00edctima para depositarlo en el interior del inmueble.<\/p>\n<p>Ante esto, la familia de la v\u00edctima realiz\u00f3 la denuncia correspondiente, por lo que la Fiscal\u00eda General inici\u00f3 la carpeta de investigaci\u00f3n y realiz\u00f3 las labores ministeriales que permitieron la obtenci\u00f3n de las \u00f3rdenes de aprehensi\u00f3n, para lograr la ejecuci\u00f3n de las mismas se efectuaron trabajos de b\u00fasqueda y localizaci\u00f3n de los imputados, quienes fueron detenidos y presentados ante la autoridad ministerial para que se defina su situaci\u00f3n jur\u00eddica.<\/p>\n<p><img fetchpriority=\"high\" decoding=\"async\" class=\"alignnone size-medium wp-image-5833\" src=\"https:\/\/portal.fgeo.gob.mx\/wp-content\/uploads\/2024\/02\/Logra-FGEO-detenci%C3%B3n-de-dos-personas-por-delito-de-desaparici%C3%B3n-de-una-persona-e-inhumaci%C3%B3n-clandestina-en-el-Istmo-300x225.jpg\" alt=\"\" width=\"300\" height=\"225\" \/><\/p>\n<p>La Fiscal\u00eda General del Estado trabaja para brindar atenci\u00f3n expedita y eficaz en los casos relacionados con la desaparici\u00f3n de personas, esto con el objetivo de garantizarles un adecuado acceso a la procuraci\u00f3n de justicia.<\/p>\n","protected":false},"author":2,"featured_media":5744,"comment_status":"closed","ping_status":"closed","template":"","tags":[],"categoria_noticias":[],"class_list":["post-15986","noticias","type-noticias","status-publish","has-post-thumbnail","hentry"],"acf":[],"mb":[],"mfb_rest_fields":["title","gutenberg_elementor_mode"],"_links":{"self":[{"href":"https:\/\/portal.fgeo.gob.mx\/index.php\/wp-json\/wp\/v2\/noticias\/15986","targetHints":{"allow":["GET"]}}],"collection":[{"href":"https:\/\/portal.fgeo.gob.mx\/index.php\/wp-json\/wp\/v2\/noticias"}],"about":[{"href":"https:\/\/portal.fgeo.gob.mx\/index.php\/wp-json\/wp\/v2\/types\/noticias"}],"author":[{"embeddable":true,"href":"https:\/\/portal.fgeo.gob.mx\/index.php\/wp-json\/wp\/v2\/users\/2"}],"replies":[{"embeddable":true,"href":"https:\/\/portal.fgeo.gob.mx\/index.php\/wp-json\/wp\/v2\/comments?post=15986"}],"wp:featuredmedia":[{"embeddable":true,"href":"https:\/\/portal.fgeo.gob.mx\/index.php\/wp-json\/"}],"wp:attachment":[{"href":"https:\/\/portal.fgeo.gob.mx\/index.php\/wp-json\/wp\/v2\/media?parent=15986"}],"wp:term":[{"taxonomy":"post_tag","embeddable":true,"href":"https:\/\/portal.fgeo.gob.mx\/index.php\/wp-json\/wp\/v2\/tags?post=15986"},{"taxonomy":"categoria_noticias","embeddable":true,"href":"https:\/\/portal.fgeo.gob.mx\/index.php\/wp-json\/wp\/v2\/categoria_noticias?post=15986"}],"curies":[{"name":"wp","href":"https:\/\/api.w.org\/{rel}","templated":true}]}}