{"id":15985,"date":"2024-02-27T07:31:07","date_gmt":"2024-02-27T13:31:07","guid":{"rendered":"https:\/\/fge.oaxaca.gob.mx\/?post_type=noticias&amp;p=5829"},"modified":"2024-02-27T07:31:07","modified_gmt":"2024-02-27T13:31:07","slug":"boletin-604-fiscalia-de-oaxaca-da-con-el-paradero-y-restituye-con-su-familia-a-menores-de-edad-reportadas-como-no-localizadas-menos-de-cuatro-horas-despues-de-recibir-la-denuncia","status":"publish","type":"noticias","link":"https:\/\/portal.fgeo.gob.mx\/index.php\/archivos\/noticias\/boletin-604-fiscalia-de-oaxaca-da-con-el-paradero-y-restituye-con-su-familia-a-menores-de-edad-reportadas-como-no-localizadas-menos-de-cuatro-horas-despues-de-recibir-la-denuncia","title":{"rendered":"BOLET\u00cdN 604.- Fiscal\u00eda de Oaxaca da con el paradero y restituye con su familia a menores de edad reportadas como No Localizadas, menos de cuatro horas despu\u00e9s de recibir la denuncia"},"content":{"rendered":"<p>Oaxaca de Ju\u00e1rez, Oax., a 27 de febrero de 2024.- Las acciones de investigaci\u00f3n inmediatas que realiz\u00f3 la Fiscal\u00eda General del Estado de Oaxaca (FGEO), permitieron que, apenas cuatro horas despu\u00e9s de recibida la denuncia, se logr\u00f3 dar con el paradero de dos menores de edad que fueron reportadas como No Localizadas en la regi\u00f3n de los Valles Centrales.<\/p>\n<p>Los hechos ocurrieron la noche del 22 de febrero de 2024, cuando las dos menores de edad fueron vistas por \u00faltima vez, en Plaza Oaxaca, ubicada en Avenida Universidad, en la Hacienda de Antequera, perteneciente a la ciudad de Oaxaca de Ju\u00e1rez.<\/p>\n<p>Ante la situaci\u00f3n, la familia acudi\u00f3 inmediatamente ante la FGEO para poner la denuncia, por lo que se iniciaron los trabajos correspondientes a trav\u00e9s de la Unidad de B\u00fasqueda de Personas No Localizadas de la Vicefiscal\u00eda General de Atenci\u00f3n a V\u00edctimas y la Sociedad, por lo que, de manera inmediata, se elabor\u00f3 y difundi\u00f3 la ficha de b\u00fasqueda de las dos menores de edad.<\/p>\n<p>Derivado de las investigaciones en torno al caso, se activaron las fichas de b\u00fasqueda de las menores de edad y, como resultado de las labores, as\u00ed como la colaboraci\u00f3n y apoyo directos de la ciudadan\u00eda, se logr\u00f3 dar con su paradero en menos de cuatro horas despu\u00e9s de que reportaron su no localizaci\u00f3n.<\/p>\n<p>En casos de la ausencia de personas, la Fiscal\u00eda General de Oaxaca toma en cuenta todas las l\u00edneas de investigaci\u00f3n tras hacer un an\u00e1lisis de las circunstancias en que suceden los hechos, agotando su capacidad Institucional para dar con su paradero.<\/p>\n<p><img fetchpriority=\"high\" decoding=\"async\" class=\"alignnone size-medium wp-image-5830\" src=\"https:\/\/portal.fgeo.gob.mx\/wp-content\/uploads\/2024\/02\/Fiscal%C3%ADa-de-Oaxaca-da-con-el-paradero-y-restituye-con-su-familia-a-menores-de-edad-reportadas-como-No-Localizadas-menos-de-cuatro-horas-despu%C3%A9s-de-recibir-la-denuncia-227x300.jpeg\" alt=\"\" width=\"227\" height=\"300\" \/> <img decoding=\"async\" class=\"alignnone size-medium wp-image-5831\" src=\"https:\/\/portal.fgeo.gob.mx\/wp-content\/uploads\/2024\/02\/Fiscal%C3%ADa-de-Oaxaca-da-con-el-paradero-y-restituye-con-su-familia-a-menores-de-edad-reportadas-como-No-Localizadas-menos-de-cuatro-horas-despu%C3%A9s-de-recibir-la-denuncia.-227x300.jpeg\" alt=\"\" width=\"227\" height=\"300\" \/><\/p>\n","protected":false},"author":2,"featured_media":5744,"comment_status":"closed","ping_status":"closed","template":"","tags":[],"categoria_noticias":[],"class_list":["post-15985","noticias","type-noticias","status-publish","has-post-thumbnail","hentry"],"acf":[],"mb":[],"mfb_rest_fields":["title","gutenberg_elementor_mode"],"_links":{"self":[{"href":"https:\/\/portal.fgeo.gob.mx\/index.php\/wp-json\/wp\/v2\/noticias\/15985","targetHints":{"allow":["GET"]}}],"collection":[{"href":"https:\/\/portal.fgeo.gob.mx\/index.php\/wp-json\/wp\/v2\/noticias"}],"about":[{"href":"https:\/\/portal.fgeo.gob.mx\/index.php\/wp-json\/wp\/v2\/types\/noticias"}],"author":[{"embeddable":true,"href":"https:\/\/portal.fgeo.gob.mx\/index.php\/wp-json\/wp\/v2\/users\/2"}],"replies":[{"embeddable":true,"href":"https:\/\/portal.fgeo.gob.mx\/index.php\/wp-json\/wp\/v2\/comments?post=15985"}],"wp:featuredmedia":[{"embeddable":true,"href":"https:\/\/portal.fgeo.gob.mx\/index.php\/wp-json\/"}],"wp:attachment":[{"href":"https:\/\/portal.fgeo.gob.mx\/index.php\/wp-json\/wp\/v2\/media?parent=15985"}],"wp:term":[{"taxonomy":"post_tag","embeddable":true,"href":"https:\/\/portal.fgeo.gob.mx\/index.php\/wp-json\/wp\/v2\/tags?post=15985"},{"taxonomy":"categoria_noticias","embeddable":true,"href":"https:\/\/portal.fgeo.gob.mx\/index.php\/wp-json\/wp\/v2\/categoria_noticias?post=15985"}],"curies":[{"name":"wp","href":"https:\/\/api.w.org\/{rel}","templated":true}]}}