{"id":15982,"date":"2024-02-23T12:43:38","date_gmt":"2024-02-23T18:43:38","guid":{"rendered":"https:\/\/fge.oaxaca.gob.mx\/?post_type=noticias&amp;p=5817"},"modified":"2024-02-23T12:43:38","modified_gmt":"2024-02-23T18:43:38","slug":"boletin-601-fiscalia-de-oaxaca-realiza-cateo-por-desaparicion-cometida-por-particulares-y-localiza-cuerpo-sin-vida-de-una-persona-en-el-istmo-de-tehuantepec","status":"publish","type":"noticias","link":"https:\/\/portal.fgeo.gob.mx\/index.php\/archivos\/noticias\/boletin-601-fiscalia-de-oaxaca-realiza-cateo-por-desaparicion-cometida-por-particulares-y-localiza-cuerpo-sin-vida-de-una-persona-en-el-istmo-de-tehuantepec","title":{"rendered":"BOLET\u00cdN 601.- Fiscal\u00eda de Oaxaca realiza cateo por Desaparici\u00f3n Cometida por Particulares y localiza cuerpo sin vida de una persona en el Istmo de Tehuantepec"},"content":{"rendered":"<p>Oaxaca de Ju\u00e1rez, Oax., a 23 de febrero de 2024.- La Fiscal\u00eda General del Estado de Oaxaca (FGEO) realiz\u00f3 el hallazgo del cuerpo de una persona sin vida, como resultado de la ejecuci\u00f3n de una orden de cateo derivada de una carpeta de investigaci\u00f3n iniciada por el delito de Desaparici\u00f3n Cometida por Particulares, cometido en la regi\u00f3n del Istmo de Tehuantepec.<\/p>\n<p>Como parte de las investigaciones ministeriales que efect\u00faa la FGEO a trav\u00e9s de la Vicefiscal\u00eda Regional del Istmo, la tarde de este jueves 22 de febrero de 2024, un equipo multidisciplinario encabezado por elementos de la Agencia Estatal de Investigaciones (AEI), en colaboraci\u00f3n con la Guardia Nacional, la Secretar\u00eda de la Defensa Nacional (SEDENA) y la Polic\u00eda Estatal, realizaron un operativo al interior de un domicilio localizado en la Avenida Guadalupe Victoria, de la Colonia la Estaci\u00f3n, en el municipio de Ciudad Ixtepec.<\/p>\n<p>En el sitio encontraron los restos de una persona quien, debido a las condiciones de degradaci\u00f3n natural del cuerpo sin vida, permanece sin identificar, por lo que ser\u00e1 sometida a estudios forenses para establecer de qui\u00e9n se trata.<\/p>\n<p>Adem\u00e1s, se encontraron diversos indicios que quedaron integrados a las investigaciones por este caso de Desaparici\u00f3n Cometida por Particulares que, luego de la ejecuci\u00f3n de este mandato judicial, fortaleci\u00f3 y deline\u00f3 las principales l\u00edneas de investigaci\u00f3n que dan claridad sobre la ruta para dar con los responsables.<\/p>\n<p>La Fiscal\u00eda de Oaxaca realiza acciones legales como parte de los procesos de b\u00fasqueda de personas desaparecidas para que las v\u00edctimas directas e indirectas tengan acceso a la verdad jur\u00eddica a trav\u00e9s de los mecanismos de procuraci\u00f3n de justicia, como parte de sus derechos.<\/p>\n<p>&nbsp;<\/p>\n<p>&nbsp;<\/p>\n","protected":false},"author":2,"featured_media":5744,"comment_status":"closed","ping_status":"closed","template":"","tags":[],"categoria_noticias":[],"class_list":["post-15982","noticias","type-noticias","status-publish","has-post-thumbnail","hentry"],"acf":[],"mb":[],"mfb_rest_fields":["title","gutenberg_elementor_mode"],"_links":{"self":[{"href":"https:\/\/portal.fgeo.gob.mx\/index.php\/wp-json\/wp\/v2\/noticias\/15982","targetHints":{"allow":["GET"]}}],"collection":[{"href":"https:\/\/portal.fgeo.gob.mx\/index.php\/wp-json\/wp\/v2\/noticias"}],"about":[{"href":"https:\/\/portal.fgeo.gob.mx\/index.php\/wp-json\/wp\/v2\/types\/noticias"}],"author":[{"embeddable":true,"href":"https:\/\/portal.fgeo.gob.mx\/index.php\/wp-json\/wp\/v2\/users\/2"}],"replies":[{"embeddable":true,"href":"https:\/\/portal.fgeo.gob.mx\/index.php\/wp-json\/wp\/v2\/comments?post=15982"}],"wp:featuredmedia":[{"embeddable":true,"href":"https:\/\/portal.fgeo.gob.mx\/index.php\/wp-json\/"}],"wp:attachment":[{"href":"https:\/\/portal.fgeo.gob.mx\/index.php\/wp-json\/wp\/v2\/media?parent=15982"}],"wp:term":[{"taxonomy":"post_tag","embeddable":true,"href":"https:\/\/portal.fgeo.gob.mx\/index.php\/wp-json\/wp\/v2\/tags?post=15982"},{"taxonomy":"categoria_noticias","embeddable":true,"href":"https:\/\/portal.fgeo.gob.mx\/index.php\/wp-json\/wp\/v2\/categoria_noticias?post=15982"}],"curies":[{"name":"wp","href":"https:\/\/api.w.org\/{rel}","templated":true}]}}