{"id":15978,"date":"2024-02-20T16:05:55","date_gmt":"2024-02-20T22:05:55","guid":{"rendered":"https:\/\/fge.oaxaca.gob.mx\/?post_type=noticias&amp;p=5796"},"modified":"2024-02-20T16:05:55","modified_gmt":"2024-02-20T22:05:55","slug":"boletin-596-prioritario-mejorar-procesos-de-atencion-a-personas-defensoras-de-derechos-humanos-bernardo-rodriguez-alamilla","status":"publish","type":"noticias","link":"https:\/\/portal.fgeo.gob.mx\/index.php\/archivos\/noticias\/boletin-596-prioritario-mejorar-procesos-de-atencion-a-personas-defensoras-de-derechos-humanos-bernardo-rodriguez-alamilla","title":{"rendered":"BOLET\u00cdN 596.- Prioritario, mejorar procesos de atenci\u00f3n a personas defensoras de derechos humanos: Bernardo Rodr\u00edguez Alamilla"},"content":{"rendered":"<p>Oaxaca de Ju\u00e1rez\u00a0 a 20 de febrero de 2024.- Al participar en la reuni\u00f3n de evaluaci\u00f3n de cumplimiento del \u201cAcuerdo para el Reconocimiento y Protecci\u00f3n de las Personas Defensoras de Derechos Humanos\u201d, el Fiscal General del Estado de Oaxaca, Bernardo Rodr\u00edguez Alamilla, dijo que el organismo procurador de justicia est\u00e1 trabajando para fortalecer la atenci\u00f3n a las personas defensoras de derechos humanos con el objetivo de brindar mejores resultados, pues es un tema prioritario para la instituci\u00f3n.<\/p>\n<p><img fetchpriority=\"high\" decoding=\"async\" class=\"alignnone size-medium wp-image-5798\" src=\"https:\/\/portal.fgeo.gob.mx\/wp-content\/uploads\/2024\/02\/WhatsApp-Image-2024-02-20-at-1.44.59-PM-1-copia-300x200.jpeg\" alt=\"\" width=\"300\" height=\"200\" \/><\/p>\n<p>El Fiscal General de Oaxaca, Rodr\u00edguez Alamilla resalt\u00f3 las acciones que se han realizado para fortalecer las labores de procuraci\u00f3n de justicia, destacando la creaci\u00f3n de la Unidad Operativa Especializada en Atenci\u00f3n a Personas Defensoras, adem\u00e1s de procesos de formaci\u00f3n a quienes la integran, con el objetivo de alcanzar la especializaci\u00f3n en la materia, que a su vez permita atender las particularidades de las v\u00edctimas.<\/p>\n<p>Puntualiz\u00f3 que la Fiscal\u00eda de Oaxaca pone especial \u00e9nfasis en la capacitaci\u00f3n y formaci\u00f3n para que el personal pueda fortalecer y transversalizar el enfoque de derechos humanos en la actuaci\u00f3n ministerial, as\u00ed como mejorar los procesos de an\u00e1lisis del contexto y an\u00e1lisis de riesgo para aplicar medidas m\u00e1s efectivas.<\/p>\n<p><img decoding=\"async\" class=\"alignnone size-medium wp-image-5799\" src=\"https:\/\/portal.fgeo.gob.mx\/wp-content\/uploads\/2024\/02\/WhatsApp-Image-2024-02-20-at-1.44.59-PM-copia-300x200.jpeg\" alt=\"\" width=\"300\" height=\"200\" \/><\/p>\n<p>&nbsp;<\/p>\n<p>Rodr\u00edguez Alamilla reconoci\u00f3 la importancia de evaluar en forma continua las acciones y avances pues, por medio de este tipo de reuniones es posible identificar lo que se est\u00e1 haciendo en forma adecuada y fortalecerlo, adem\u00e1s que permite ver \u00e1reas de oportunidad y correcci\u00f3n de los puntos d\u00e9biles.<\/p>\n<p>En la reuni\u00f3n tambi\u00e9n particip\u00f3 la titular de la Coordinaci\u00f3n para la Atenci\u00f3n a los Derechos Humanos, Flor Estela Morales Hern\u00e1ndez; la integrante de la organizaci\u00f3n defensora de derechos humanos C\u00f3digo DH Gobixha, Sara M\u00e9ndez Morales; y el Secretario Ejecutivo de la Defensor\u00eda de los Derechos Humanos del Pueblo de Oaxaca, Juan Rodr\u00edguez Ramos.<\/p>\n<p><img decoding=\"async\" class=\"alignnone size-medium wp-image-5801\" src=\"https:\/\/portal.fgeo.gob.mx\/wp-content\/uploads\/2024\/02\/WhatsApp-Image-2024-02-20-at-1.44.58-PM-1-copia-1-300x143.jpeg\" alt=\"\" width=\"300\" height=\"143\" \/><\/p>\n<p>La Fiscal\u00eda General del Estado tiene como eje estrat\u00e9gico mantener una colaboraci\u00f3n constante con la sociedad civil organizada, adem\u00e1s de otras instituciones p\u00fablicas permite fortalecer los procesos de justicia.<\/p>\n<p><img loading=\"lazy\" decoding=\"async\" class=\"alignnone size-medium wp-image-5802\" src=\"https:\/\/portal.fgeo.gob.mx\/wp-content\/uploads\/2024\/02\/WhatsApp-Image-2024-02-20-at-1.44.58-PM-300x209.jpeg\" alt=\"\" width=\"300\" height=\"209\" \/><\/p>\n","protected":false},"author":2,"featured_media":5744,"comment_status":"closed","ping_status":"closed","template":"","tags":[],"categoria_noticias":[],"class_list":["post-15978","noticias","type-noticias","status-publish","has-post-thumbnail","hentry"],"acf":[],"mb":[],"mfb_rest_fields":["title","gutenberg_elementor_mode"],"_links":{"self":[{"href":"https:\/\/portal.fgeo.gob.mx\/index.php\/wp-json\/wp\/v2\/noticias\/15978","targetHints":{"allow":["GET"]}}],"collection":[{"href":"https:\/\/portal.fgeo.gob.mx\/index.php\/wp-json\/wp\/v2\/noticias"}],"about":[{"href":"https:\/\/portal.fgeo.gob.mx\/index.php\/wp-json\/wp\/v2\/types\/noticias"}],"author":[{"embeddable":true,"href":"https:\/\/portal.fgeo.gob.mx\/index.php\/wp-json\/wp\/v2\/users\/2"}],"replies":[{"embeddable":true,"href":"https:\/\/portal.fgeo.gob.mx\/index.php\/wp-json\/wp\/v2\/comments?post=15978"}],"wp:featuredmedia":[{"embeddable":true,"href":"https:\/\/portal.fgeo.gob.mx\/index.php\/wp-json\/"}],"wp:attachment":[{"href":"https:\/\/portal.fgeo.gob.mx\/index.php\/wp-json\/wp\/v2\/media?parent=15978"}],"wp:term":[{"taxonomy":"post_tag","embeddable":true,"href":"https:\/\/portal.fgeo.gob.mx\/index.php\/wp-json\/wp\/v2\/tags?post=15978"},{"taxonomy":"categoria_noticias","embeddable":true,"href":"https:\/\/portal.fgeo.gob.mx\/index.php\/wp-json\/wp\/v2\/categoria_noticias?post=15978"}],"curies":[{"name":"wp","href":"https:\/\/api.w.org\/{rel}","templated":true}]}}