{"id":15976,"date":"2024-02-19T16:54:07","date_gmt":"2024-02-19T22:54:07","guid":{"rendered":"https:\/\/fge.oaxaca.gob.mx\/?post_type=noticias&amp;p=5788"},"modified":"2024-02-19T16:54:07","modified_gmt":"2024-02-19T22:54:07","slug":"boletin-594-fiscal-general-de-oaxaca-inaugura-proceso-formativo-en-procuracion-de-justicia-en-clave-intercultural","status":"publish","type":"noticias","link":"https:\/\/portal.fgeo.gob.mx\/index.php\/archivos\/noticias\/boletin-594-fiscal-general-de-oaxaca-inaugura-proceso-formativo-en-procuracion-de-justicia-en-clave-intercultural","title":{"rendered":"BOLET\u00cdN 594 &#8211; Fiscal General de Oaxaca inaugura proceso formativo en Procuraci\u00f3n de Justicia en Clave Intercultural"},"content":{"rendered":"<p style=\"font-weight: 400\"><strong>Oaxaca de Ju\u00e1rez, Oax., a 19 de febrero de 2024.-\u00a0<\/strong>\u201cExiste una deuda hist\u00f3rica con los pueblos y comunidades ind\u00edgenas, por ello, debemos concebir que existen otras realidades y visiones de entender la justicia. Para ello, es importante dialogar y generar procesos que respeten los saberes que existen al interior del estado\u201d, puntualiz\u00f3 el titular de la Fiscal\u00eda General del Estado de Oaxaca (FGEO), Bernardo Rodr\u00edguez Alamilla, durante la inauguraci\u00f3n del proceso formativo \u201cProcuraci\u00f3n de Justicia en Clave Intercultural: Pluralismo Jur\u00eddico e Instrumentos Internacionales para Respetar, Proteger y Garantizar los Derechos de los Pueblos Ind\u00edgenas y Afrodescendientes de Oaxaca\u201d.<\/p>\n<p style=\"font-weight: 400\">En compa\u00f1\u00eda de Tom\u00e1s L\u00f3pez Sarabia y Maribel Gonz\u00e1lez Guerrero, presidente y la coordinadora de recursos humanos del Centro Profesional Ind\u00edgena de Asesor\u00eda, Defensa y Traducci\u00f3n, A.C., respectivamente; la fiscal Especializada en Delitos de Trascendencia Social, Jessica Jeanine Rodr\u00edguez Robles y del director del Instituto de Formaci\u00f3n y Capacitaci\u00f3n, Juan Pablo Morales Garc\u00eda; el Fiscal General, Bernardo Rodr\u00edguez Alamilla, sostuvo que uno de los grandes retos que enfrentan los estados que suscribieron instrumentos internacionales que defienden y protegen derechos humanos, es entender y conocer c\u00f3mo hacerlos justiciables.<\/p>\n<p style=\"font-weight: 400\"><img fetchpriority=\"high\" decoding=\"async\" class=\"alignnone size-medium wp-image-5789\" src=\"https:\/\/portal.fgeo.gob.mx\/wp-content\/uploads\/2024\/02\/033A7950-300x200.jpeg\" alt=\"\" width=\"300\" height=\"200\" \/><\/p>\n<p style=\"font-weight: 400\">El Fiscal General, Bernardo Rodr\u00edguez Alamilla, dijo que este proceso formativo tiene el objetivo de impulsar conocimientos, saberes y habilidades, mediante el enfoque del pluralismo jur\u00eddico y la perspectiva de la interculturalidad en las y los servidores p\u00fablicos de la Instituci\u00f3n de procuraci\u00f3n de justicia, encargados de brindar atenci\u00f3n a pueblos y comunidades ind\u00edgenas y afrodescendientes, a fin de hacer que el trabajo de la instituci\u00f3n sea accesible para todos los sectores sociales de Oaxaca, mediante un enfoque que reconozca la diversidad cultural en la entidad.<\/p>\n<p style=\"font-weight: 400\">Adem\u00e1s, reconoci\u00f3 a las servidoras y servidores p\u00fablicos de la Fiscal\u00eda General del Estado de Oaxaca que proceden de pueblos y comunidades y hablan alguna lengua materna, pues ellas y ellos enriquecen el trabajo de la instituci\u00f3n.<\/p>\n<p style=\"font-weight: 400\">\u00a0<img decoding=\"async\" class=\"alignnone size-medium wp-image-5790\" src=\"https:\/\/portal.fgeo.gob.mx\/wp-content\/uploads\/2024\/02\/033A7932-300x200.jpeg\" alt=\"\" width=\"300\" height=\"200\" \/><\/p>\n<p style=\"font-weight: 400\">Durante su participaci\u00f3n, el presidente del Centro Profesional Ind\u00edgena de Asesor\u00eda, Defensa y Traducci\u00f3n, A.C., Tom\u00e1s L\u00f3pez Sarabia, reiter\u00f3 que este proceso de profesionalizaci\u00f3n busca dar una respuesta a las diversas problem\u00e1ticas existentes en la entidad.<\/p>\n<p style=\"font-weight: 400\">Agreg\u00f3 que, es fundamental reconocer que quienes acuden a solicitar los servicios que brinda la Instituci\u00f3n de procuraci\u00f3n de justicia son personas que viajan largas distancias para solicitar atenci\u00f3n, \u201cpor ello es importante entender que estas personas desafortunadamente tienen otros retos, no solo el de la distancia, sino en temas de lengua, cultura y desigualdad, pues en muchas ocasiones para que una persona acceda al sistema de justicia, termina vendiendo sus propiedades\u201d.<\/p>\n<p style=\"font-weight: 400\"><img decoding=\"async\" class=\"alignnone size-medium wp-image-5791\" src=\"https:\/\/portal.fgeo.gob.mx\/wp-content\/uploads\/2024\/02\/033A7915-300x200.jpeg\" alt=\"\" width=\"300\" height=\"200\" \/><\/p>\n","protected":false},"author":2,"featured_media":5744,"comment_status":"closed","ping_status":"closed","template":"","tags":[],"categoria_noticias":[],"class_list":["post-15976","noticias","type-noticias","status-publish","has-post-thumbnail","hentry"],"acf":[],"mb":[],"mfb_rest_fields":["title","gutenberg_elementor_mode"],"_links":{"self":[{"href":"https:\/\/portal.fgeo.gob.mx\/index.php\/wp-json\/wp\/v2\/noticias\/15976","targetHints":{"allow":["GET"]}}],"collection":[{"href":"https:\/\/portal.fgeo.gob.mx\/index.php\/wp-json\/wp\/v2\/noticias"}],"about":[{"href":"https:\/\/portal.fgeo.gob.mx\/index.php\/wp-json\/wp\/v2\/types\/noticias"}],"author":[{"embeddable":true,"href":"https:\/\/portal.fgeo.gob.mx\/index.php\/wp-json\/wp\/v2\/users\/2"}],"replies":[{"embeddable":true,"href":"https:\/\/portal.fgeo.gob.mx\/index.php\/wp-json\/wp\/v2\/comments?post=15976"}],"wp:featuredmedia":[{"embeddable":true,"href":"https:\/\/portal.fgeo.gob.mx\/index.php\/wp-json\/"}],"wp:attachment":[{"href":"https:\/\/portal.fgeo.gob.mx\/index.php\/wp-json\/wp\/v2\/media?parent=15976"}],"wp:term":[{"taxonomy":"post_tag","embeddable":true,"href":"https:\/\/portal.fgeo.gob.mx\/index.php\/wp-json\/wp\/v2\/tags?post=15976"},{"taxonomy":"categoria_noticias","embeddable":true,"href":"https:\/\/portal.fgeo.gob.mx\/index.php\/wp-json\/wp\/v2\/categoria_noticias?post=15976"}],"curies":[{"name":"wp","href":"https:\/\/api.w.org\/{rel}","templated":true}]}}