{"id":15975,"date":"2024-02-19T15:29:37","date_gmt":"2024-02-19T21:29:37","guid":{"rendered":"https:\/\/fge.oaxaca.gob.mx\/?post_type=noticias&amp;p=5786"},"modified":"2024-02-19T15:29:37","modified_gmt":"2024-02-19T21:29:37","slug":"boletin-593-logra-fgeo-aprehension-de-objetivo-prioritario-identificado-como-lider-criminal-y-generador-de-violencia-en-el-istmo-quien-se-refugiaba-en-chiapas","status":"publish","type":"noticias","link":"https:\/\/portal.fgeo.gob.mx\/index.php\/archivos\/noticias\/boletin-593-logra-fgeo-aprehension-de-objetivo-prioritario-identificado-como-lider-criminal-y-generador-de-violencia-en-el-istmo-quien-se-refugiaba-en-chiapas","title":{"rendered":"BOLET\u00cdN 593 &#8211; Logra FGEO aprehensi\u00f3n de objetivo prioritario, identificado como l\u00edder criminal y generador de violencia en el Istmo, quien se refugiaba en Chiapas"},"content":{"rendered":"<ul>\n<li style=\"font-weight: 400\"><em>La ejecuci\u00f3n de la orden de aprehensi\u00f3n se logr\u00f3 a trav\u00e9s de un trabajo de colaboraci\u00f3n con la Fiscal\u00eda de Chiapas<\/em><\/li>\n<\/ul>\n<p style=\"font-weight: 400\"><strong>Oaxaca de Ju\u00e1rez, Oax., a 19 de febrero de 2024.-\u00a0<\/strong>La Fiscal\u00eda General del Estado de Oaxaca (FGEO) logr\u00f3 la ejecuci\u00f3n de una orden de aprehensi\u00f3n en contra de dos personas por el delito de homicidio\u00a0 calificado con ventaja, una de ellas del sexo masculino identificado como C. A. E. L., alias Furcio, quien estaba identificado como un importante generador de violencia en la regi\u00f3n del Istmo de Tehuantepec, adem\u00e1s de una persona del sexo femenino identificada como A.H.L., la captura de ambas personas se logr\u00f3 en colaboraci\u00f3n con la Fiscal\u00eda General del Estado de Chiapas.<\/p>\n<p style=\"font-weight: 400\">Derivado de las labores de investigaci\u00f3n ministerial que lleva a cabo la FGEO, se obtuvo de la orden de aprehensi\u00f3n correspondiente, la cual fue ejecutada en un operativo conjunto con elementos de la Agencia Estatal de Investigaciones y la Fiscal\u00eda General de Justicia del Estado de Chiapas, que realizaron un operativo conjunto en el que se logr\u00f3 la detenci\u00f3n de las dos personas imputadas, quienes fueron trasladadas a Oaxaca para presentarlas ante la autoridad ministerial correspondiente que, a su vez, lo present\u00f3 ante el Juez de control que calific\u00f3 como legal la detenci\u00f3n y comunic\u00f3 la imputaci\u00f3n.<\/p>\n<p style=\"font-weight: 400\">De acuerdo con el expediente penal, los hechos que se imputan ocurrieron el 21 de mayo de 2022 en Mat\u00edas Romero, en la regi\u00f3n del Istmo de Tehuantepec en Oaxaca, cuando la v\u00edctima identificada como S.J.G. iba a hacer entrega de un pedido, cuando un grupo de personas se lo llevaron por la fuerza a bordo de un veh\u00edculo, posteriormente la v\u00edctima fue hallada sin vida en la carretera federal n\u00famero 185 a la altura del \u201cEl Guayabo\u201d, en inmediaciones de ese mismo municipio.<\/p>\n<p style=\"font-weight: 400\">Al tener conocimiento de los hechos, la Fiscal\u00eda General, a trav\u00e9s de la Vicefiscal\u00eda Regional del Istmo de Tehuantepec, despleg\u00f3 un equipo multidisciplinario el cual efectu\u00f3 los trabajos de investigaci\u00f3n, que dieron como resultado la ejecuci\u00f3n de la orden de aprehensi\u00f3n en contra de C.A.E.L.\u00a0 y A.H.L. por el delito de homicidio.<\/p>\n<p style=\"font-weight: 400\">Asimismo, es preciso se\u00f1alar que debido al alto perfil del imputado C.A.E.L., la ubicaci\u00f3n de este objetivo generador de violencia y que podr\u00eda estar relacionado con diversos delitos como extorsi\u00f3n y homicidios, vinculados actividades del crimen organizado cometidos en la regi\u00f3n del Istmo de Tehuantepec, era identificado como una prioridad de la FGEO dentro de las labores de procuraci\u00f3n de justicia en la entidad.<img fetchpriority=\"high\" decoding=\"async\" class=\"alignnone size-medium wp-image-5787\" src=\"https:\/\/portal.fgeo.gob.mx\/wp-content\/uploads\/2024\/02\/detenido-furcio-istmo-300x232.jpg\" alt=\"\" width=\"300\" height=\"232\" \/><\/p>\n<p style=\"font-weight: 400\">La Fiscal\u00eda General del Estado est\u00e1 comprometida con generar investigaciones s\u00f3lidas que permitan atender en forma efectiva a las v\u00edctimas directas e indirectas, especialmente en delitos de alto impacto, por el efecto que tienen en la sociedad, adem\u00e1s de inhibir eficazmente las actividades que generadores de violencia tienen en la entidad.<\/p>\n","protected":false},"author":2,"featured_media":5744,"comment_status":"closed","ping_status":"closed","template":"","tags":[],"categoria_noticias":[],"class_list":["post-15975","noticias","type-noticias","status-publish","has-post-thumbnail","hentry"],"acf":[],"mb":[],"mfb_rest_fields":["title","gutenberg_elementor_mode"],"_links":{"self":[{"href":"https:\/\/portal.fgeo.gob.mx\/index.php\/wp-json\/wp\/v2\/noticias\/15975","targetHints":{"allow":["GET"]}}],"collection":[{"href":"https:\/\/portal.fgeo.gob.mx\/index.php\/wp-json\/wp\/v2\/noticias"}],"about":[{"href":"https:\/\/portal.fgeo.gob.mx\/index.php\/wp-json\/wp\/v2\/types\/noticias"}],"author":[{"embeddable":true,"href":"https:\/\/portal.fgeo.gob.mx\/index.php\/wp-json\/wp\/v2\/users\/2"}],"replies":[{"embeddable":true,"href":"https:\/\/portal.fgeo.gob.mx\/index.php\/wp-json\/wp\/v2\/comments?post=15975"}],"wp:featuredmedia":[{"embeddable":true,"href":"https:\/\/portal.fgeo.gob.mx\/index.php\/wp-json\/"}],"wp:attachment":[{"href":"https:\/\/portal.fgeo.gob.mx\/index.php\/wp-json\/wp\/v2\/media?parent=15975"}],"wp:term":[{"taxonomy":"post_tag","embeddable":true,"href":"https:\/\/portal.fgeo.gob.mx\/index.php\/wp-json\/wp\/v2\/tags?post=15975"},{"taxonomy":"categoria_noticias","embeddable":true,"href":"https:\/\/portal.fgeo.gob.mx\/index.php\/wp-json\/wp\/v2\/categoria_noticias?post=15975"}],"curies":[{"name":"wp","href":"https:\/\/api.w.org\/{rel}","templated":true}]}}