{"id":15973,"date":"2024-02-16T10:35:35","date_gmt":"2024-02-16T16:35:35","guid":{"rendered":"https:\/\/fge.oaxaca.gob.mx\/?post_type=noticias&amp;p=5778"},"modified":"2024-02-16T10:35:35","modified_gmt":"2024-02-16T16:35:35","slug":"boletin-591-fgeo-logra-vinculacion-a-proceso-por-delito-de-tentativa-de-homicidio-ocurrido-en-la-costa","status":"publish","type":"noticias","link":"https:\/\/portal.fgeo.gob.mx\/index.php\/archivos\/noticias\/boletin-591-fgeo-logra-vinculacion-a-proceso-por-delito-de-tentativa-de-homicidio-ocurrido-en-la-costa","title":{"rendered":"BOLET\u00cdN 591.- FGEO logra vinculaci\u00f3n a proceso por delito de tentativa de homicidio ocurrido en la Costa"},"content":{"rendered":"<p>Oaxaca de Ju\u00e1rez, Oax., 16 de febrero de 2024.- La Fiscal\u00eda General del Estado de Oaxaca obtuvo auto de vinculaci\u00f3n a proceso en contra de una persona del sexo masculino identificado como G.G.J. por el delito de tentativa de homicidio calificado, por hechos ocurridos en la regi\u00f3n de la Costa.<\/p>\n<p>De acuerdo con la carpeta de investigaci\u00f3n, los hechos ocurrieron el 1 de febrero de 2024, cuando la v\u00edctima se encontraba en su domicilio ubicado en la rancher\u00eda Arroyo Tigre, en el municipio de San Gabriel Mixtepec, lugar en el que la v\u00edctima -identificada como L.G.F.P.- fue agredido con un arma corto-contundente (machete) que le provoc\u00f3 lesiones graves.<\/p>\n<p>Al tener conocimiento de estos hechos, la Fiscal\u00eda General a trav\u00e9s de la Vicefiscal\u00eda Regional de la Costa despleg\u00f3 un equipo multidisciplinario para efectuar los trabajos de investigaciones correspondientes.<\/p>\n<p>Resultado de las labores ministeriales de la FGEO obtuvo la orden de aprehensi\u00f3n correspondiente, la cual fue ejecutada por elementos de la Agencia Estatal de Investigaciones que lograron dar cumplimiento al mandato judicial con el que detuvieron a G.G.J., que fue puesto a disposici\u00f3n del Juez que conoce la causa, quien determin\u00f3 la vinculaci\u00f3n a proceso del imputado por el delito de tentativa de homicidio calificado, imponiendo la medida cautelar de prisi\u00f3n preventiva y otorg\u00f3 tres meses para el cierre de la investigaci\u00f3n.<\/p>\n<p>La Fiscal\u00eda General del Estado investiga en forma prioritaria los delitos de alto impacto con el objetivo de brindar a las v\u00edctimas directas e indirectas adecuados procesos de procuraci\u00f3n de justicia para las v\u00edctimas directas e indirectas.<\/p>\n<p>&nbsp;<\/p>\n<p>&nbsp;<\/p>\n","protected":false},"author":2,"featured_media":5744,"comment_status":"closed","ping_status":"closed","template":"","tags":[],"categoria_noticias":[],"class_list":["post-15973","noticias","type-noticias","status-publish","has-post-thumbnail","hentry"],"acf":[],"mb":[],"mfb_rest_fields":["title","gutenberg_elementor_mode"],"_links":{"self":[{"href":"https:\/\/portal.fgeo.gob.mx\/index.php\/wp-json\/wp\/v2\/noticias\/15973","targetHints":{"allow":["GET"]}}],"collection":[{"href":"https:\/\/portal.fgeo.gob.mx\/index.php\/wp-json\/wp\/v2\/noticias"}],"about":[{"href":"https:\/\/portal.fgeo.gob.mx\/index.php\/wp-json\/wp\/v2\/types\/noticias"}],"author":[{"embeddable":true,"href":"https:\/\/portal.fgeo.gob.mx\/index.php\/wp-json\/wp\/v2\/users\/2"}],"replies":[{"embeddable":true,"href":"https:\/\/portal.fgeo.gob.mx\/index.php\/wp-json\/wp\/v2\/comments?post=15973"}],"wp:featuredmedia":[{"embeddable":true,"href":"https:\/\/portal.fgeo.gob.mx\/index.php\/wp-json\/"}],"wp:attachment":[{"href":"https:\/\/portal.fgeo.gob.mx\/index.php\/wp-json\/wp\/v2\/media?parent=15973"}],"wp:term":[{"taxonomy":"post_tag","embeddable":true,"href":"https:\/\/portal.fgeo.gob.mx\/index.php\/wp-json\/wp\/v2\/tags?post=15973"},{"taxonomy":"categoria_noticias","embeddable":true,"href":"https:\/\/portal.fgeo.gob.mx\/index.php\/wp-json\/wp\/v2\/categoria_noticias?post=15973"}],"curies":[{"name":"wp","href":"https:\/\/api.w.org\/{rel}","templated":true}]}}