{"id":15971,"date":"2024-02-15T11:22:48","date_gmt":"2024-02-15T17:22:48","guid":{"rendered":"https:\/\/fge.oaxaca.gob.mx\/?post_type=noticias&amp;p=5773"},"modified":"2024-02-15T11:22:48","modified_gmt":"2024-02-15T17:22:48","slug":"boletin-589-logra-fiscalia-de-oaxaca-sentencia-condenatoria-de-50-anos-de-prision-contra-responsable-del-delito-de-feminicidio-agravado-cometido-en-la-region-de-la-costa","status":"publish","type":"noticias","link":"https:\/\/portal.fgeo.gob.mx\/index.php\/archivos\/noticias\/boletin-589-logra-fiscalia-de-oaxaca-sentencia-condenatoria-de-50-anos-de-prision-contra-responsable-del-delito-de-feminicidio-agravado-cometido-en-la-region-de-la-costa","title":{"rendered":"BOLET\u00cdN 589.- Logra Fiscal\u00eda de Oaxaca sentencia condenatoria de 50 a\u00f1os de prisi\u00f3n contra responsable del delito de Feminicidio Agravado, cometido en la regi\u00f3n de la Costa"},"content":{"rendered":"<p>&nbsp;<\/p>\n<p>Oaxaca de Ju\u00e1rez, Oax., 15 de febrero de 2024.- En puntual seguimiento a casos de violencia de g\u00e9nero en la entidad, la Fiscal\u00eda General del Estado de Oaxaca (FGEO) obtuvo sentencia condenatoria de 50 a\u00f1os de prisi\u00f3n contra F.A.G., responsable del delito de feminicidio agravado, por hechos ocurridos en San Juan Colorado, en la regi\u00f3n de la Costa.<\/p>\n<p>De acuerdo con la causa penal correspondiente, en octubre de 2022, la v\u00edctima -identificada como C.A.M.- se encontraba en su domicilio ubicado en inmediaciones de San Pedro Siniyuvi, en la Colonia Gigante, perteneciente al referido municipio, cuando el agresor se dirigi\u00f3 hacia ella y la atac\u00f3 con un objeto corto contundente (machete), debido a lo cual sufri\u00f3 severas lesiones que terminaron con su vida.<\/p>\n<p>Luego de que la FGEO tom\u00f3 conocimiento del delito, inici\u00f3 las investigaciones correspondientes a trav\u00e9s de las \u00e1reas especializadas en delitos cometidos contra la mujer de la Vicefiscal\u00eda Regional de la Costa, la cual despleg\u00f3 a un equipo multidisciplinario para realizar las indagatorias bajo la perspectiva de g\u00e9nero, a fin de esclarecer los hechos.<\/p>\n<p>En audiencia, el Juez que conoce la causa, dict\u00f3 sentencia condenatoria contra F.A.G., imponiendo la pena de 50 a\u00f1os de prisi\u00f3n, as\u00ed como el pago de una de multa y la reparaci\u00f3n del da\u00f1o en abstracto.<\/p>\n<p>En casos de feminicidio, la Fiscal\u00eda General del Estado de Oaxaca se compromete a realizar investigaciones correspondientes, a fin de presentar ante la justicia y aplicar todo el rigor de la Ley a quien o quienes resulten responsables por este tipo de delito.<\/p>\n","protected":false},"author":2,"featured_media":5744,"comment_status":"closed","ping_status":"closed","template":"","tags":[],"categoria_noticias":[],"class_list":["post-15971","noticias","type-noticias","status-publish","has-post-thumbnail","hentry"],"acf":[],"mb":[],"mfb_rest_fields":["title","gutenberg_elementor_mode"],"_links":{"self":[{"href":"https:\/\/portal.fgeo.gob.mx\/index.php\/wp-json\/wp\/v2\/noticias\/15971","targetHints":{"allow":["GET"]}}],"collection":[{"href":"https:\/\/portal.fgeo.gob.mx\/index.php\/wp-json\/wp\/v2\/noticias"}],"about":[{"href":"https:\/\/portal.fgeo.gob.mx\/index.php\/wp-json\/wp\/v2\/types\/noticias"}],"author":[{"embeddable":true,"href":"https:\/\/portal.fgeo.gob.mx\/index.php\/wp-json\/wp\/v2\/users\/2"}],"replies":[{"embeddable":true,"href":"https:\/\/portal.fgeo.gob.mx\/index.php\/wp-json\/wp\/v2\/comments?post=15971"}],"wp:featuredmedia":[{"embeddable":true,"href":"https:\/\/portal.fgeo.gob.mx\/index.php\/wp-json\/"}],"wp:attachment":[{"href":"https:\/\/portal.fgeo.gob.mx\/index.php\/wp-json\/wp\/v2\/media?parent=15971"}],"wp:term":[{"taxonomy":"post_tag","embeddable":true,"href":"https:\/\/portal.fgeo.gob.mx\/index.php\/wp-json\/wp\/v2\/tags?post=15971"},{"taxonomy":"categoria_noticias","embeddable":true,"href":"https:\/\/portal.fgeo.gob.mx\/index.php\/wp-json\/wp\/v2\/categoria_noticias?post=15971"}],"curies":[{"name":"wp","href":"https:\/\/api.w.org\/{rel}","templated":true}]}}