{"id":15967,"date":"2024-02-13T12:19:12","date_gmt":"2024-02-13T18:19:12","guid":{"rendered":"https:\/\/fge.oaxaca.gob.mx\/?post_type=noticias&amp;p=5759"},"modified":"2024-02-13T12:19:12","modified_gmt":"2024-02-13T18:19:12","slug":"boletin-584-tras-homicidio-de-adulto-mayor-cometido-en-xoxocotlan-fgeo-localiza-y-detiene-en-baja-california-a-imputado-por-dicho-delito","status":"publish","type":"noticias","link":"https:\/\/portal.fgeo.gob.mx\/index.php\/archivos\/noticias\/boletin-584-tras-homicidio-de-adulto-mayor-cometido-en-xoxocotlan-fgeo-localiza-y-detiene-en-baja-california-a-imputado-por-dicho-delito","title":{"rendered":"BOLET\u00cdN 584- Tras homicidio de adulto mayor cometido en Xoxocotl\u00e1n, FGEO localiza y detiene en Baja California a imputado por dicho delito"},"content":{"rendered":"<p>El trabajo de seguimiento continuo de las investigaciones ministeriales que realiza la Fiscal\u00eda General del Estado de Oaxaca (FGEO) hizo posible la localizaci\u00f3n y detenci\u00f3n, a trav\u00e9s de la ejecuci\u00f3n de una orden de aprehensi\u00f3n en contra de N. C. M., por el delito de Homicidio Calificado, cometido en la regi\u00f3n de los Valles Centrales, quien se refugiaba en la ciudad de Cabos San Lucas en el norte del pa\u00eds, por lo que la colaboraci\u00f3n interinstitucional con la Fiscal\u00eda General del Estado de Baja California fue clave para el cumplimiento del mandato judicial.<\/p>\n<p>Los hechos que se imputan, sucedieron el 10 de febrero de 2023, al interior de un predio ubicado en la colonia La Paz, perteneciente al municipio de Santa Cruz Xoxocotl\u00e1n, donde se encontraba la v\u00edctima identificada como L. D. A., una persona adulta mayor de 80 a\u00f1os de edad, quien sufri\u00f3 una agresi\u00f3n con un objeto contundente (tabique) de la que resulto con severas lesiones, a consecuencia de las cuales falleci\u00f3 el 11 de febrero del 2023.<\/p>\n<p>Cuando la FGEO tuvo conocimiento de los hechos, los trabajos ministeriales quedaron a cargo de la Fiscal\u00eda Especializada para la Atenci\u00f3n a Delitos de Alto Impacto que realiz\u00f3 las investigaciones gracias a las cuales se obtuvo la orden de aprehensi\u00f3n por el caso.<\/p>\n<p>Elementos de la Agencia Estatal de Investigaciones (AEI) efectuaron las labores necesarias para dar con el paradero de N. C. M., a quien rastrearon y tuvieron conocimiento que se encontraba en la ciudad Cabo San Lucas, donde fue detenido y, luego de verificar su nombre observaron que ten\u00eda una orden de aprehensi\u00f3n pendiente en su contra.<\/p>\n<p>Tras la captura, se estableci\u00f3 la colaboraci\u00f3n entre la FGEO y la Fiscal\u00eda General del Estado de Baja California, por lo que un equipo de agentes de la AEI se traslad\u00f3 a dicho estado fronterizo para el traslado a Oaxaca del imputado quien ser\u00e1 presentado ante la autoridad que lo requiri\u00f3 para determinar su situaci\u00f3n jur\u00eddica.<\/p>\n<p><img decoding=\"async\" class=\"alignnone size-full wp-image-5760\" src=\"https:\/\/portal.fgeo.gob.mx\/wp-content\/uploads\/2024\/02\/WhatsApp-Image-2024-02-13-at-11.58.09-AM.jpeg\" alt=\"\" width=\"190\" height=\"207\" \/><\/p>\n<p>El seguimiento de las investigaciones ministeriales que realiza la Fiscal\u00eda de Oaxaca a trav\u00e9s de las diferentes \u00e1reas especializadas hace posible que los trabajos de procuraci\u00f3n de justicia entreguen resultados tangibles para reforzar la estrategia estatal de seguridad.<\/p>\n","protected":false},"author":2,"featured_media":5744,"comment_status":"closed","ping_status":"closed","template":"","tags":[],"categoria_noticias":[],"class_list":["post-15967","noticias","type-noticias","status-publish","has-post-thumbnail","hentry"],"acf":[],"mb":[],"mfb_rest_fields":["title","gutenberg_elementor_mode"],"_links":{"self":[{"href":"https:\/\/portal.fgeo.gob.mx\/index.php\/wp-json\/wp\/v2\/noticias\/15967","targetHints":{"allow":["GET"]}}],"collection":[{"href":"https:\/\/portal.fgeo.gob.mx\/index.php\/wp-json\/wp\/v2\/noticias"}],"about":[{"href":"https:\/\/portal.fgeo.gob.mx\/index.php\/wp-json\/wp\/v2\/types\/noticias"}],"author":[{"embeddable":true,"href":"https:\/\/portal.fgeo.gob.mx\/index.php\/wp-json\/wp\/v2\/users\/2"}],"replies":[{"embeddable":true,"href":"https:\/\/portal.fgeo.gob.mx\/index.php\/wp-json\/wp\/v2\/comments?post=15967"}],"wp:featuredmedia":[{"embeddable":true,"href":"https:\/\/portal.fgeo.gob.mx\/index.php\/wp-json\/"}],"wp:attachment":[{"href":"https:\/\/portal.fgeo.gob.mx\/index.php\/wp-json\/wp\/v2\/media?parent=15967"}],"wp:term":[{"taxonomy":"post_tag","embeddable":true,"href":"https:\/\/portal.fgeo.gob.mx\/index.php\/wp-json\/wp\/v2\/tags?post=15967"},{"taxonomy":"categoria_noticias","embeddable":true,"href":"https:\/\/portal.fgeo.gob.mx\/index.php\/wp-json\/wp\/v2\/categoria_noticias?post=15967"}],"curies":[{"name":"wp","href":"https:\/\/api.w.org\/{rel}","templated":true}]}}