{"id":15965,"date":"2024-02-12T12:32:37","date_gmt":"2024-02-12T18:32:37","guid":{"rendered":"https:\/\/fge.oaxaca.gob.mx\/?post_type=noticias&amp;p=5754"},"modified":"2024-02-12T12:32:37","modified_gmt":"2024-02-12T18:32:37","slug":"boletin-582-debemos-identificar-los-factores-de-riesgo-para-la-seguridad-antes-de-que-se-conviertan-en-problemas-mayores-bernardo-rodriguez-alamilla","status":"publish","type":"noticias","link":"https:\/\/portal.fgeo.gob.mx\/index.php\/archivos\/noticias\/boletin-582-debemos-identificar-los-factores-de-riesgo-para-la-seguridad-antes-de-que-se-conviertan-en-problemas-mayores-bernardo-rodriguez-alamilla","title":{"rendered":"BOLET\u00cdN 582 &#8211; \u201cDebemos identificar los factores de riesgo para la seguridad antes de que se conviertan en problemas mayores\u201d: Bernardo Rodr\u00edguez Alamilla"},"content":{"rendered":"<ul>\n<li><em> Fiscal General presenta mapeo estrat\u00e9gico para colaboraci\u00f3n interinstitucional en la puesta en marcha del \u201cPrograma Oaxaca Segura\u201d, encabezado por el Gobernador, Salom\u00f3n Jara<\/em><\/li>\n<\/ul>\n<p><strong>Oaxaca de Ju\u00e1rez, Oax., a 09 de febrero de 2024.- <\/strong>La Fiscal\u00eda General del Estado de Oaxaca (FGEO) realiz\u00f3 un mapeo estrat\u00e9gico para atacar desde la ra\u00edz, las causas primarias del fen\u00f3meno delictivo, por lo que se suma a los esfuerzos interinstitucionales en esta materia que convergen en la puesta en marcha del \u201cPrograma Oaxaca Segura\u201d que se despliega en 16 municipios de los Valles Centrales, puntualiz\u00f3 el titular de este organismo aut\u00f3nomo, Bernardo Rodr\u00edguez Alamilla.<\/p>\n<p>\u201cLas acciones de prevenci\u00f3n social del delito deben tener un efecto hol\u00edstico que va m\u00e1s all\u00e1 de la fuerza reactiva. Se trata de ir a las ra\u00edces de los desaf\u00edos que enfrentamos y reconstruir un tejido social mucho m\u00e1s resistente. A trav\u00e9s de la implementaci\u00f3n de estas estrategias, buscamos fortalecer los lazos comunitarios construyendo una red de apoyo entre vecinos, amigos y familiares, pues cuando nos conocemos, confiamos unos en otros y creamos una barrera natural contra la delincuencia\u201d, se\u00f1al\u00f3 el Fiscal de Oaxaca, Bernardo Rodr\u00edguez Alamilla, durante el banderazo inicial de estas acciones, que fue encabezado por el gobernador del estado, Salom\u00f3n Jara Cruz.<\/p>\n<p><img fetchpriority=\"high\" decoding=\"async\" class=\"alignnone size-medium wp-image-5755\" src=\"https:\/\/portal.fgeo.gob.mx\/wp-content\/uploads\/2024\/02\/BOLET%C3%8DN-582-%E2%80%9CDebemos-identificar-los-factores-de-riesgo-para-la-seguridad-antes-de-que-se-conviertan-en-problemas-mayores%E2%80%9D-Bernardo-Rodr%C3%ADguez-Alamilla-2-300x178.jpeg\" alt=\"\" width=\"300\" height=\"178\" \/><\/p>\n<p>El dise\u00f1o de esta estrategia responde a las necesidades ciudadanas de garantizar la seguridad p\u00fablica\u00a0 y la paz social, por lo que tendr\u00e1 inici\u00f3 en la regi\u00f3n de los Valles Centrales, principalmente en la ciudad de Oaxaca de Ju\u00e1rez, pues concentra el 40 por ciento de la incidencia delictiva del estado.<\/p>\n<p>\u201cEl objetivo es identificar, afectar y abordar los factores de riesgos, antes de que se conviertan en problemas mayores, por lo que intervenir en etapas tempranas significa que podamos redirigir las causas para dar atenci\u00f3n puntual de aquellos que est\u00e1n en riesgo\u201d, dijo Rodr\u00edguez Alamilla.<\/p>\n<p><img decoding=\"async\" class=\"alignnone size-medium wp-image-5756\" src=\"https:\/\/portal.fgeo.gob.mx\/wp-content\/uploads\/2024\/02\/BOLET%C3%8DN-582-%E2%80%9CDebemos-identificar-los-factores-de-riesgo-para-la-seguridad-antes-de-que-se-conviertan-en-problemas-mayores%E2%80%9D-Bernardo-Rodr%C3%ADguez-Alamilla-1-300x200.jpeg\" alt=\"\" width=\"300\" height=\"200\" \/><\/p>\n<p>Luego de hacer un an\u00e1lisis estad\u00edstico de la incidencia delictiva en la capital, se obtuvieron mapas de calor a partir de los cuales se har\u00e1 un despliegue en campo de elementos policiales focalizando los esfuerzos en colonias como Nezahualc\u00f3yotl, Miguel Hidalgo, Pintores y Monte Alb\u00e1n, en San Mart\u00edn Mexicapan; Maestro, Vistahermosa, Heladio Ram\u00edrez L\u00f3pez, Cuauht\u00e9moc y Bugambilias, en Santa Rosa; Presidentes de M\u00e9xico, Los \u00c1ngeles, San Isidro y La Joya, en Pueblo Nuevo; La Cuevita, Las Palmas y El Coquito, en San Juan Chapultepec; El Arenal, Trinidad de las Huertas, Sat\u00e9lites, La Cieneguita, Dolores, en Cinco Se\u00f1ores; as\u00ed como diversos puntos en Montoya.<\/p>\n<p>El Fiscal General, Bernardo Rodr\u00edguez Alamilla, explic\u00f3 que la Sierra Norte de Oaxaca es la regi\u00f3n de seguridad con la menor incidencia delictiva del pa\u00eds, por lo que hay que replicar lo que se est\u00e1 haciendo bien en esta zona pues, si bien son diferentes factores los que intervienen, es la s\u00f3lida cohesi\u00f3n social la que carga el peso de este ejemplo de \u00e9xito que se busca emular.<\/p>\n<p><img decoding=\"async\" class=\"alignnone size-medium wp-image-5757\" src=\"https:\/\/portal.fgeo.gob.mx\/wp-content\/uploads\/2024\/02\/BOLET%C3%8DN-582-%E2%80%9CDebemos-identificar-los-factores-de-riesgo-para-la-seguridad-antes-de-que-se-conviertan-en-problemas-mayores%E2%80%9D-Bernardo-Rodr%C3%ADguez-Alamilla3-300x200.jpeg\" alt=\"\" width=\"300\" height=\"200\" \/><\/p>\n<p>\u201cEn palabra de la poeta, Maya Angelou: la confianza y el conocimiento mutuo son los cimientos sobre los cuales construimos comunidades seguras\u201d, cit\u00f3 Rodr\u00edguez Alamilla, al destacar la importancia de la participaci\u00f3n ciudadana como parte de uno de los ejes centrales con la creaci\u00f3n de Vecinas y Vecinos por la Paz, que ser\u00e1 clave en la obtenci\u00f3n de resultados positivos con la participaci\u00f3n activa de la comunidad a trav\u00e9s de la concientizaci\u00f3n como herramienta poderosa para fortalecer la estabilidad y paz social.<\/p>\n<p>&nbsp;<\/p>\n","protected":false},"author":2,"featured_media":5744,"comment_status":"closed","ping_status":"closed","template":"","tags":[],"categoria_noticias":[],"class_list":["post-15965","noticias","type-noticias","status-publish","has-post-thumbnail","hentry"],"acf":[],"mb":[],"mfb_rest_fields":["title","gutenberg_elementor_mode"],"_links":{"self":[{"href":"https:\/\/portal.fgeo.gob.mx\/index.php\/wp-json\/wp\/v2\/noticias\/15965","targetHints":{"allow":["GET"]}}],"collection":[{"href":"https:\/\/portal.fgeo.gob.mx\/index.php\/wp-json\/wp\/v2\/noticias"}],"about":[{"href":"https:\/\/portal.fgeo.gob.mx\/index.php\/wp-json\/wp\/v2\/types\/noticias"}],"author":[{"embeddable":true,"href":"https:\/\/portal.fgeo.gob.mx\/index.php\/wp-json\/wp\/v2\/users\/2"}],"replies":[{"embeddable":true,"href":"https:\/\/portal.fgeo.gob.mx\/index.php\/wp-json\/wp\/v2\/comments?post=15965"}],"wp:featuredmedia":[{"embeddable":true,"href":"https:\/\/portal.fgeo.gob.mx\/index.php\/wp-json\/"}],"wp:attachment":[{"href":"https:\/\/portal.fgeo.gob.mx\/index.php\/wp-json\/wp\/v2\/media?parent=15965"}],"wp:term":[{"taxonomy":"post_tag","embeddable":true,"href":"https:\/\/portal.fgeo.gob.mx\/index.php\/wp-json\/wp\/v2\/tags?post=15965"},{"taxonomy":"categoria_noticias","embeddable":true,"href":"https:\/\/portal.fgeo.gob.mx\/index.php\/wp-json\/wp\/v2\/categoria_noticias?post=15965"}],"curies":[{"name":"wp","href":"https:\/\/api.w.org\/{rel}","templated":true}]}}