{"id":15964,"date":"2024-02-09T10:03:39","date_gmt":"2024-02-09T16:03:39","guid":{"rendered":"https:\/\/fge.oaxaca.gob.mx\/?post_type=noticias&amp;p=5752"},"modified":"2024-02-09T10:03:39","modified_gmt":"2024-02-09T16:03:39","slug":"boletin-581-fiscalia-de-oaxaca-ejecuta-orden-de-aprehension-por-violacion-equiparada-cometida-contra-adolescente","status":"publish","type":"noticias","link":"https:\/\/portal.fgeo.gob.mx\/index.php\/archivos\/noticias\/boletin-581-fiscalia-de-oaxaca-ejecuta-orden-de-aprehension-por-violacion-equiparada-cometida-contra-adolescente","title":{"rendered":"BOLET\u00cdN 581 -Fiscal\u00eda de Oaxaca ejecuta orden de aprehensi\u00f3n por violaci\u00f3n equiparada cometida contra adolescente"},"content":{"rendered":"<p><strong>Oaxaca de Ju\u00e1rez, Oax., a 09 de febrero de 2024.-<\/strong> La Fiscal\u00eda General del Estado de Oaxaca (FGEO) obtuvo auto de vinculaci\u00f3n en contra de una persona del sexo masculino identificada por las iniciales V.M.M., por el delito de Violaci\u00f3n Equiparada -en agravio de una menor de edad-, hechos ocurridos en la regi\u00f3n del Istmo de Tehuantepec.<\/p>\n<p>De acuerdo con lo asentado en el expediente, lo hechos sucedieron el pasado 14 de enero de 2024, cuando la v\u00edctima (una adolescente cuya identidad est\u00e1 reservada por ley) se encontraba en su domicilio, en el municipio de Salinas Cruz, donde tambi\u00e9n se encontraba el imputado, quien ofreci\u00f3 un vaso con agua a la v\u00edctima, qui\u00e9n luego de beber el contenido perdi\u00f3 el conocimiento, momento en que fue agredida de manera sexual.<\/p>\n<p>Cuando la FGEO tom\u00f3 conocimiento del caso, inici\u00f3 las investigaciones correspondientes, gracias\u00a0 a las cuales se logr\u00f3 ejecutar una orden de aprehensi\u00f3n en contra de una persona del sexo masculino identificada por las iniciales V.M.M., quien qued\u00f3 a disposici\u00f3n de la autoridad ministerial para que se determine su situaci\u00f3n jur\u00eddica.<\/p>\n<p>La Fiscal\u00eda de Oaxaca tiene, entre sus ejes rectores, garantizar una vida libre de violencia para ni\u00f1as, ni\u00f1os y adolescentes, a trav\u00e9s de los mecanismos de procuraci\u00f3n de justicia que est\u00e1n a cargo de \u00e1reas especializadas y bien capacitadas para este tipo de labores.<\/p>\n<p><img fetchpriority=\"high\" decoding=\"async\" class=\"alignnone size-medium wp-image-5753\" src=\"https:\/\/portal.fgeo.gob.mx\/wp-content\/uploads\/2024\/02\/BOLET%C3%8DN-581-Fiscal%C3%ADa-de-Oaxaca-ejecuta-orden-de-aprehensi%C3%B3n-por-violaci%C3%B3n-equiparada-cometida-contra-adolescente-300x229.jpeg\" alt=\"\" width=\"300\" height=\"229\" \/><\/p>\n","protected":false},"author":2,"featured_media":5744,"comment_status":"closed","ping_status":"closed","template":"","tags":[],"categoria_noticias":[],"class_list":["post-15964","noticias","type-noticias","status-publish","has-post-thumbnail","hentry"],"acf":[],"mb":[],"mfb_rest_fields":["title","gutenberg_elementor_mode"],"_links":{"self":[{"href":"https:\/\/portal.fgeo.gob.mx\/index.php\/wp-json\/wp\/v2\/noticias\/15964","targetHints":{"allow":["GET"]}}],"collection":[{"href":"https:\/\/portal.fgeo.gob.mx\/index.php\/wp-json\/wp\/v2\/noticias"}],"about":[{"href":"https:\/\/portal.fgeo.gob.mx\/index.php\/wp-json\/wp\/v2\/types\/noticias"}],"author":[{"embeddable":true,"href":"https:\/\/portal.fgeo.gob.mx\/index.php\/wp-json\/wp\/v2\/users\/2"}],"replies":[{"embeddable":true,"href":"https:\/\/portal.fgeo.gob.mx\/index.php\/wp-json\/wp\/v2\/comments?post=15964"}],"wp:featuredmedia":[{"embeddable":true,"href":"https:\/\/portal.fgeo.gob.mx\/index.php\/wp-json\/"}],"wp:attachment":[{"href":"https:\/\/portal.fgeo.gob.mx\/index.php\/wp-json\/wp\/v2\/media?parent=15964"}],"wp:term":[{"taxonomy":"post_tag","embeddable":true,"href":"https:\/\/portal.fgeo.gob.mx\/index.php\/wp-json\/wp\/v2\/tags?post=15964"},{"taxonomy":"categoria_noticias","embeddable":true,"href":"https:\/\/portal.fgeo.gob.mx\/index.php\/wp-json\/wp\/v2\/categoria_noticias?post=15964"}],"curies":[{"name":"wp","href":"https:\/\/api.w.org\/{rel}","templated":true}]}}