{"id":15962,"date":"2024-02-08T11:16:11","date_gmt":"2024-02-08T17:16:11","guid":{"rendered":"https:\/\/fge.oaxaca.gob.mx\/?post_type=noticias&amp;p=5750"},"modified":"2024-02-08T11:16:11","modified_gmt":"2024-02-08T17:16:11","slug":"boletin-579-logra-fgeo-vinculacion-a-proceso-contra-imputado-por-homicidio-calificado-cometido-en-la-sierra-sur","status":"publish","type":"noticias","link":"https:\/\/portal.fgeo.gob.mx\/index.php\/archivos\/noticias\/boletin-579-logra-fgeo-vinculacion-a-proceso-contra-imputado-por-homicidio-calificado-cometido-en-la-sierra-sur","title":{"rendered":"BOLET\u00cdN 579 -Logra FGEO vinculaci\u00f3n a proceso contra imputado por homicidio calificado cometido en la Sierra Sur"},"content":{"rendered":"<p><strong>Oaxaca de Ju\u00e1rez, Oax., a 8 \u00a0febrero de 2024.-<\/strong>\u00a0 La Fiscal\u00eda General del Estado de Oaxaca (FGEO) obtuvo auto de vinculaci\u00f3n a proceso en contra de una persona del sexo masculino identificada como G.C.G, por el delito de homicidio calificado con ventaja, hechos ocurridos en la regi\u00f3n de la Sierra Sur.<\/p>\n<p>De acuerdo con el expediente penal del caso, la v\u00edctima identificada como V.V.H., se encontraba en su domicilio ubicado en San Ildefonso Ozolotepec, San Mateo R\u00edo Hondo, lugar al que arrib\u00f3 el agresor quien lo atac\u00f3 con disparos de arma de fuego, infligiendo lesiones que le ocasionaron la muerte.<\/p>\n<p>Ante este hecho, la Instituci\u00f3n de procuraci\u00f3n de justicia atrajo la investigaci\u00f3n a fin de esclarecer este crimen -a trav\u00e9s de la Vicefiscal\u00eda General de Control Regional-, logrando aprehender y presentar al imputado ante el Juez de la causa.<\/p>\n<p>Tras validar los datos de prueba proporcionados por la FGEO, el Juez determin\u00f3 vincular a proceso a G. C. G., imponiendo prisi\u00f3n preventiva y otorgando cuatro meses para el cierre de investigaci\u00f3n.<\/p>\n<p>La Fiscal\u00eda de Oaxaca realiza investigaciones con m\u00e9todos cient\u00edficos, con el objetivo de garantizar un pleno acceso a la procuraci\u00f3n de justicia a las v\u00edctimas directas e indirectas de los delitos.<\/p>\n<p>&nbsp;<\/p>\n","protected":false},"author":2,"featured_media":5744,"comment_status":"closed","ping_status":"closed","template":"","tags":[],"categoria_noticias":[],"class_list":["post-15962","noticias","type-noticias","status-publish","has-post-thumbnail","hentry"],"acf":[],"mb":[],"mfb_rest_fields":["title","gutenberg_elementor_mode"],"_links":{"self":[{"href":"https:\/\/portal.fgeo.gob.mx\/index.php\/wp-json\/wp\/v2\/noticias\/15962","targetHints":{"allow":["GET"]}}],"collection":[{"href":"https:\/\/portal.fgeo.gob.mx\/index.php\/wp-json\/wp\/v2\/noticias"}],"about":[{"href":"https:\/\/portal.fgeo.gob.mx\/index.php\/wp-json\/wp\/v2\/types\/noticias"}],"author":[{"embeddable":true,"href":"https:\/\/portal.fgeo.gob.mx\/index.php\/wp-json\/wp\/v2\/users\/2"}],"replies":[{"embeddable":true,"href":"https:\/\/portal.fgeo.gob.mx\/index.php\/wp-json\/wp\/v2\/comments?post=15962"}],"wp:featuredmedia":[{"embeddable":true,"href":"https:\/\/portal.fgeo.gob.mx\/index.php\/wp-json\/"}],"wp:attachment":[{"href":"https:\/\/portal.fgeo.gob.mx\/index.php\/wp-json\/wp\/v2\/media?parent=15962"}],"wp:term":[{"taxonomy":"post_tag","embeddable":true,"href":"https:\/\/portal.fgeo.gob.mx\/index.php\/wp-json\/wp\/v2\/tags?post=15962"},{"taxonomy":"categoria_noticias","embeddable":true,"href":"https:\/\/portal.fgeo.gob.mx\/index.php\/wp-json\/wp\/v2\/categoria_noticias?post=15962"}],"curies":[{"name":"wp","href":"https:\/\/api.w.org\/{rel}","templated":true}]}}