{"id":15961,"date":"2024-02-07T17:09:26","date_gmt":"2024-02-07T23:09:26","guid":{"rendered":"https:\/\/fge.oaxaca.gob.mx\/?post_type=noticias&amp;p=5747"},"modified":"2024-02-07T17:09:26","modified_gmt":"2024-02-07T23:09:26","slug":"boletin-578-obtiene-fiscalia-vinculacion-proceso-contra-imputado-por-el-delito-de-violencia-familiar-en-la-region-de-la-costa","status":"publish","type":"noticias","link":"https:\/\/portal.fgeo.gob.mx\/index.php\/archivos\/noticias\/boletin-578-obtiene-fiscalia-vinculacion-proceso-contra-imputado-por-el-delito-de-violencia-familiar-en-la-region-de-la-costa","title":{"rendered":"BOLET\u00cdN 578- Obtiene Fiscal\u00eda vinculaci\u00f3n proceso contra imputado por el delito de violencia familiar, en la regi\u00f3n de la Costa"},"content":{"rendered":"<p style=\"text-align: justify\">Oaxaca de Ju\u00e1rez, Oax., a 7 de febrero de 2024.- La Fiscal\u00eda General del Estado de Oaxaca (FGEO) obtuvo auto de vinculaci\u00f3n a proceso en contra de una persona del sexo masculino identificada como F.S.M., por el delito de Violencia Familiar, hechos ocurridos en la regi\u00f3n de la Costa.<\/p>\n<p style=\"text-align: justify\">De acuerdo con el expediente penal, la victima identificada como A.L.L, se encontraba en su domicilio ubicado en San Pedro Mixtepec, lugar al que arrib\u00f3 un sujeto quien la agredi\u00f3 f\u00edsica y verbalmente.<\/p>\n<p style=\"text-align: justify\">La FGEO tom\u00f3 conocimiento del caso y, a trav\u00e9s de la Viscefiscal\u00eda Regional de la Costa, realiz\u00f3 las primeras investigaciones y present\u00f3 los resultados ante el Juez, quien despu\u00e9s de evaluarlos emiti\u00f3 la orden de aprehensi\u00f3n correspondiente.<\/p>\n<p style=\"text-align: justify\">Elementos de la Agencia Estatal de Investigaciones (AEI) dieron cumplimiento al mandato judicial gracias al cual detuvieron al imputado, qui\u00e9n fue puesto a disposici\u00f3n del Juez que conoce la causa, quien luego de validar los datos de prueba proporcionados por la FGEO, determin\u00f3 vincular a proceso a F. S.M., por el delito de violencia familiar, imponiendo la medida cautelar de prisi\u00f3n preventiva y otorgando un mes para el cierre de investigaci\u00f3n.<\/p>\n<p style=\"text-align: justify\">La Fiscal\u00eda General del Estado en los casos relacionados con delitos cometidos contra las mujeres realiza investigaciones multidisciplinarias y con perspectiva de g\u00e9nero que permita brindar a las v\u00edctimas directas e indirectas adecuados procesos de procuraci\u00f3n de justicia.<\/p>\n","protected":false},"author":2,"featured_media":5744,"comment_status":"closed","ping_status":"closed","template":"","tags":[],"categoria_noticias":[],"class_list":["post-15961","noticias","type-noticias","status-publish","has-post-thumbnail","hentry"],"acf":[],"mb":[],"mfb_rest_fields":["title","gutenberg_elementor_mode"],"_links":{"self":[{"href":"https:\/\/portal.fgeo.gob.mx\/index.php\/wp-json\/wp\/v2\/noticias\/15961","targetHints":{"allow":["GET"]}}],"collection":[{"href":"https:\/\/portal.fgeo.gob.mx\/index.php\/wp-json\/wp\/v2\/noticias"}],"about":[{"href":"https:\/\/portal.fgeo.gob.mx\/index.php\/wp-json\/wp\/v2\/types\/noticias"}],"author":[{"embeddable":true,"href":"https:\/\/portal.fgeo.gob.mx\/index.php\/wp-json\/wp\/v2\/users\/2"}],"replies":[{"embeddable":true,"href":"https:\/\/portal.fgeo.gob.mx\/index.php\/wp-json\/wp\/v2\/comments?post=15961"}],"wp:featuredmedia":[{"embeddable":true,"href":"https:\/\/portal.fgeo.gob.mx\/index.php\/wp-json\/"}],"wp:attachment":[{"href":"https:\/\/portal.fgeo.gob.mx\/index.php\/wp-json\/wp\/v2\/media?parent=15961"}],"wp:term":[{"taxonomy":"post_tag","embeddable":true,"href":"https:\/\/portal.fgeo.gob.mx\/index.php\/wp-json\/wp\/v2\/tags?post=15961"},{"taxonomy":"categoria_noticias","embeddable":true,"href":"https:\/\/portal.fgeo.gob.mx\/index.php\/wp-json\/wp\/v2\/categoria_noticias?post=15961"}],"curies":[{"name":"wp","href":"https:\/\/api.w.org\/{rel}","templated":true}]}}