{"id":15958,"date":"2024-02-06T17:22:37","date_gmt":"2024-02-06T23:22:37","guid":{"rendered":"https:\/\/fge.oaxaca.gob.mx\/?post_type=noticias&amp;p=5739"},"modified":"2024-02-06T17:22:37","modified_gmt":"2024-02-06T23:22:37","slug":"boletin-575-fgeo-obtiene-vinculacion-a-proceso-de-nueve-personas-detenidas-en-operativo-conjunto-con-guardia-nacional-sedena-y-policia-estatal-realizado-en-mixtequilla","status":"publish","type":"noticias","link":"https:\/\/portal.fgeo.gob.mx\/index.php\/archivos\/noticias\/boletin-575-fgeo-obtiene-vinculacion-a-proceso-de-nueve-personas-detenidas-en-operativo-conjunto-con-guardia-nacional-sedena-y-policia-estatal-realizado-en-mixtequilla","title":{"rendered":"BOLET\u00cdN 575 &#8211; FGEO obtiene vinculaci\u00f3n a proceso de nueve personas detenidas en operativo conjunto con Guardia Nacional, SEDENA y Polic\u00eda Estatal realizado en Mixtequilla"},"content":{"rendered":"<p><strong>Oaxaca de Ju\u00e1rez, Oax., a 6 febrero de 2024.- &#8211; <\/strong>La Fiscal\u00eda General del Estado de Oaxaca (FGEO) obtuvo auto de vinculaci\u00f3n a proceso en contra de nueve personas que fueron detenidas en un operativo coordinado con la Agencia Estatal de Investigaciones, la Guardia Nacional, la Secretar\u00eda de la Defensa Nacional y la Polic\u00eda Estatal de la Secretar\u00eda de Seguridad y Protecci\u00f3n Ciudadana, el cual fue realizado el 27 de enero en Santa Mar\u00eda Mixtequilla.<\/p>\n<p>El operativo conjunto se efectu\u00f3 para dar cumplimiento a las \u00f3rdenes de cateo emitidas por el Juez que atiende la causa, la acci\u00f3n coordinada tuvo el objetivo de ejecutar las \u00f3rdenes de aprehensi\u00f3n correspondientes a nueve personas, ocho del sexo masculino identificadas por las iniciales: A.P.S., R.V.R., A.S.G., R.V.O., J.O.A., O.C.G., A.L.G., A.P.O, una mujer identificada como A.S.C.<\/p>\n<p>De acuerdo con el expediente penal las \u00f3rdenes de aprehensi\u00f3n ejecutadas, fueron por hechos ocurridos el 5 de enero de 2024, cuando un grupo de personas se present\u00f3 en el Palacio Municipal de Santa Mar\u00eda Mixtequilla y haciendo uso de violencia se apoderaron de diversos bienes, hechos que motivaron la presentaci\u00f3n de la denuncia.<\/p>\n<p>Adem\u00e1s, la FGEO logr\u00f3 identificar que varias de las personas aseguradas cuentan con denuncias en su contra, tanto el \u00e1mbito estatal por da\u00f1o por incendio, robo, despojo, mientras que en el \u00e1mbito federal es por obstrucci\u00f3n y da\u00f1o de las v\u00edas principales de comunicaci\u00f3n del Istmo de Tehuantepec, investigaciones que est\u00e1n en curso.<\/p>\n<p>Luego de la detenci\u00f3n de las nueve personas imputadas, fueron puestas a disposici\u00f3n del Juez que atiende la causa, quien despu\u00e9s de evaluar los datos de prueba recabados dict\u00f3 auto de vinculaci\u00f3n a proceso, adem\u00e1s de otorgar dos meses para el cierre de la investigaci\u00f3n.<\/p>\n<p>La Fiscal\u00eda General del Estado de Oaxaca est\u00e1 comprometida con realizar investigaciones con estricto apego a la ley que permitan que los resultados den como resultado adecuados procesos de procuraci\u00f3n de justicia que coadyuven a mantener la seguridad y la paz social en las diferentes regiones del estado.<\/p>\n<p><img fetchpriority=\"high\" decoding=\"async\" class=\"alignnone size-medium wp-image-5740\" src=\"https:\/\/portal.fgeo.gob.mx\/wp-content\/uploads\/2024\/02\/BOLET%C3%8DN-575-FGEO-obtiene-vinculaci%C3%B3n-a-proceso-de-nueve-personas-detenidas-en-operativo-conjunto-con-Guardia-Nacional-SEDENA-y-Polic%C3%ADa-Estatal-realizado-en-Mixtequilla_page-0001-232x300.jpg\" alt=\"\" width=\"232\" height=\"300\" \/><\/p>\n","protected":false},"author":2,"featured_media":5699,"comment_status":"closed","ping_status":"closed","template":"","tags":[],"categoria_noticias":[],"class_list":["post-15958","noticias","type-noticias","status-publish","has-post-thumbnail","hentry"],"acf":[],"mb":[],"mfb_rest_fields":["title","gutenberg_elementor_mode"],"_links":{"self":[{"href":"https:\/\/portal.fgeo.gob.mx\/index.php\/wp-json\/wp\/v2\/noticias\/15958","targetHints":{"allow":["GET"]}}],"collection":[{"href":"https:\/\/portal.fgeo.gob.mx\/index.php\/wp-json\/wp\/v2\/noticias"}],"about":[{"href":"https:\/\/portal.fgeo.gob.mx\/index.php\/wp-json\/wp\/v2\/types\/noticias"}],"author":[{"embeddable":true,"href":"https:\/\/portal.fgeo.gob.mx\/index.php\/wp-json\/wp\/v2\/users\/2"}],"replies":[{"embeddable":true,"href":"https:\/\/portal.fgeo.gob.mx\/index.php\/wp-json\/wp\/v2\/comments?post=15958"}],"wp:featuredmedia":[{"embeddable":true,"href":"https:\/\/portal.fgeo.gob.mx\/index.php\/wp-json\/wp\/v2\/media\/5699"}],"wp:attachment":[{"href":"https:\/\/portal.fgeo.gob.mx\/index.php\/wp-json\/wp\/v2\/media?parent=15958"}],"wp:term":[{"taxonomy":"post_tag","embeddable":true,"href":"https:\/\/portal.fgeo.gob.mx\/index.php\/wp-json\/wp\/v2\/tags?post=15958"},{"taxonomy":"categoria_noticias","embeddable":true,"href":"https:\/\/portal.fgeo.gob.mx\/index.php\/wp-json\/wp\/v2\/categoria_noticias?post=15958"}],"curies":[{"name":"wp","href":"https:\/\/api.w.org\/{rel}","templated":true}]}}