{"id":15953,"date":"2024-02-01T15:57:20","date_gmt":"2024-02-01T21:57:20","guid":{"rendered":"https:\/\/fge.oaxaca.gob.mx\/?post_type=noticias&amp;p=5721"},"modified":"2024-02-01T15:57:20","modified_gmt":"2024-02-01T21:57:20","slug":"boletin-569-fiscalia-de-oaxaca-obtiene-vinculacion-a-proceso-por-delito-de-feminicidio-ocurrido-en-la-canada","status":"publish","type":"noticias","link":"https:\/\/portal.fgeo.gob.mx\/index.php\/archivos\/noticias\/boletin-569-fiscalia-de-oaxaca-obtiene-vinculacion-a-proceso-por-delito-de-feminicidio-ocurrido-en-la-canada","title":{"rendered":"BOLET\u00cdN 569 &#8211; Fiscal\u00eda de Oaxaca obtiene vinculaci\u00f3n a proceso por delito de feminicidio ocurrido en la Ca\u00f1ada"},"content":{"rendered":"<p><strong>Oaxaca de Ju\u00e1rez, Oax., a 1 de febrero de 2024.- <\/strong>\u00a0La Fiscal\u00eda General del Estado de Oaxaca (FGEO) obtuvo la vinculaci\u00f3n a proceso en contra de una persona del sexo masculino identificada como M. L. F., por el delito de feminicidio, hechos ocurridos en la regi\u00f3n de la Ca\u00f1ada.<\/p>\n<p>De acuerdo con la carpeta de investigaci\u00f3n, los hechos ocurrieron en Santa Mar\u00eda P\u00e1palo, cuando la v\u00edctima, identificada como V.D.N., se encontraba en el paraje conocido como \u201cGuaje el Capul\u00edn\u201d de esa comunidad, cuando el agresor se dirigi\u00f3 hacia ella y la atac\u00f3 con un arma corto contundente (machete), debido a lo cual sufri\u00f3 severas lesiones que terminaron con su vida.<\/p>\n<p>La FGEO tom\u00f3 conocimiento del crimen e inici\u00f3 las investigaciones correspondientes a trav\u00e9s de la Vicefiscal\u00eda de Control Regional, la cual despleg\u00f3 a un equipo multidisciplinario para realizar las indagatorias bajo la perspectiva de g\u00e9nero.<\/p>\n<p>Derivado de las diligencias, la Fiscal\u00eda de Oaxaca llev\u00f3 a M.L.F. ante el Juez, quien dict\u00f3 auto de vinculaci\u00f3n a proceso contra el imputado al que impuso la medida cautelar de prisi\u00f3n preventiva, adem\u00e1s de otorgar tres meses para el cierre de la investigaci\u00f3n.<\/p>\n<p>La Fiscal\u00eda General del Estado de Oaxaca est\u00e1 comprometida con procurar justicia a las v\u00edctimas de delito de feminicidio, por ello, realiza las diligencias para presentar ante la justicia a quien o quienes resulten responsables por este tipo de delito, pues, es necesario sancionarlos a fin de evitar que este tipo de agresiones contin\u00faen.<\/p>\n<p><img fetchpriority=\"high\" decoding=\"async\" class=\"alignnone size-medium wp-image-5722\" src=\"https:\/\/portal.fgeo.gob.mx\/wp-content\/uploads\/2024\/02\/BOLET%C3%8DN-569-Fiscal%C3%ADa-de-Oaxaca-obtiene-vinculaci%C3%B3n-a-proceso-por-delito-de-feminicidio-ocurrido-en-la-Ca%C3%B1ada-300x300.jpeg\" alt=\"\" width=\"300\" height=\"300\" \/><\/p>\n","protected":false},"author":2,"featured_media":5699,"comment_status":"closed","ping_status":"closed","template":"","tags":[],"categoria_noticias":[],"class_list":["post-15953","noticias","type-noticias","status-publish","has-post-thumbnail","hentry"],"acf":[],"mb":[],"mfb_rest_fields":["title","gutenberg_elementor_mode"],"_links":{"self":[{"href":"https:\/\/portal.fgeo.gob.mx\/index.php\/wp-json\/wp\/v2\/noticias\/15953","targetHints":{"allow":["GET"]}}],"collection":[{"href":"https:\/\/portal.fgeo.gob.mx\/index.php\/wp-json\/wp\/v2\/noticias"}],"about":[{"href":"https:\/\/portal.fgeo.gob.mx\/index.php\/wp-json\/wp\/v2\/types\/noticias"}],"author":[{"embeddable":true,"href":"https:\/\/portal.fgeo.gob.mx\/index.php\/wp-json\/wp\/v2\/users\/2"}],"replies":[{"embeddable":true,"href":"https:\/\/portal.fgeo.gob.mx\/index.php\/wp-json\/wp\/v2\/comments?post=15953"}],"wp:featuredmedia":[{"embeddable":true,"href":"https:\/\/portal.fgeo.gob.mx\/index.php\/wp-json\/wp\/v2\/media\/5699"}],"wp:attachment":[{"href":"https:\/\/portal.fgeo.gob.mx\/index.php\/wp-json\/wp\/v2\/media?parent=15953"}],"wp:term":[{"taxonomy":"post_tag","embeddable":true,"href":"https:\/\/portal.fgeo.gob.mx\/index.php\/wp-json\/wp\/v2\/tags?post=15953"},{"taxonomy":"categoria_noticias","embeddable":true,"href":"https:\/\/portal.fgeo.gob.mx\/index.php\/wp-json\/wp\/v2\/categoria_noticias?post=15953"}],"curies":[{"name":"wp","href":"https:\/\/api.w.org\/{rel}","templated":true}]}}