{"id":15950,"date":"2024-01-25T16:36:55","date_gmt":"2024-01-25T22:36:55","guid":{"rendered":"https:\/\/fge.oaxaca.gob.mx\/?post_type=noticias&amp;p=5708"},"modified":"2024-01-25T16:36:55","modified_gmt":"2024-01-25T22:36:55","slug":"fiscalia-de-oaxaca-ejecuta-orden-de-aprehension-por-delito-de-pederastia-cometido-en-el-istmo-2","status":"publish","type":"noticias","link":"https:\/\/portal.fgeo.gob.mx\/index.php\/archivos\/noticias\/fiscalia-de-oaxaca-ejecuta-orden-de-aprehension-por-delito-de-pederastia-cometido-en-el-istmo-2","title":{"rendered":"Fiscal\u00eda de Oaxaca ejecuta orden de aprehensi\u00f3n por delito de pederastia cometido en el Istmo"},"content":{"rendered":"<p><img decoding=\"async\" class=\"alignnone size-medium wp-image-5679\" src=\"https:\/\/portal.fgeo.gob.mx\/wp-content\/uploads\/2024\/01\/fiscalia-informa-300x150.jpeg\" alt=\"\" width=\"300\" height=\"150\" \/><\/p>\n<p><strong>\u00a0<\/strong><\/p>\n<p><strong>\u00a0<\/strong><\/p>\n<p><strong>Oaxaca de Ju\u00e1rez, Oax., a 25 de enero de 2024 .-<\/strong> La Fiscal\u00eda General del Estado ejecut\u00f3 una orden de aprehensi\u00f3n en contra de una persona del sexo masculino identificada como P.J.A.M. por el delito de pederastia, cometido en la regi\u00f3n del Istmo de Tehuantepec.<\/p>\n<p>&nbsp;<\/p>\n<p>De acuerdo con el expediente penal, los hechos sucedieron en diversas fechas del 2023 cuando la v\u00edctima (una ni\u00f1a cuya identidad est\u00e1 reservada por ley) se encontraba en su domicilio ubicado en Santa Mar\u00eda Chimalapas, donde el agresor se introdujo en la vivienda de la v\u00edctima para agredirla de manera sexual, conducta tipificada como el delito de pederastia.<\/p>\n<p>&nbsp;<\/p>\n<p><img fetchpriority=\"high\" decoding=\"async\" class=\"alignnone size-medium wp-image-5709\" src=\"https:\/\/portal.fgeo.gob.mx\/wp-content\/uploads\/2024\/01\/BOLET%C3%8DN-561-Fiscal%C3%ADa-de-Oaxaca-ejecuta-orden-de-aprehensi%C3%B3n-por-delito-de-pederastia-cometido-en-el-Istmo-225x300.jpeg\" alt=\"\" width=\"225\" height=\"300\" \/><\/p>\n<p>&nbsp;<\/p>\n<p>Ante esto, la familia de la v\u00edctima realiz\u00f3 la denuncia correspondiente, por lo que la Fiscal\u00eda General inici\u00f3 la carpeta de investigaci\u00f3n, a trav\u00e9s de la Vicefiscal\u00eda Regional del Istmo, por lo que se realizaron las labores ministeriales que permitieron la obtenci\u00f3n de la orden de aprehensi\u00f3n, por lo que se efectuaron los trabajos de b\u00fasqueda y localizaci\u00f3n para ubicar al imputado.<\/p>\n<p>&nbsp;<\/p>\n<p><img decoding=\"async\" class=\"alignnone size-medium wp-image-5710\" src=\"https:\/\/portal.fgeo.gob.mx\/wp-content\/uploads\/2024\/01\/BOLET%C3%8DN-561-Fiscal%C3%ADa-de-Oaxaca-ejecuta-orden-de-aprehensi%C3%B3n-por-delito-de-pederastia-cometido-en-el-Istmo_page-0001-1-232x300.jpg\" alt=\"\" width=\"232\" height=\"300\" \/><\/p>\n<p>&nbsp;<\/p>\n<p>Elementos de la Agencia Estatal de Investigaciones dieron con el paradero del imputado P.J.A.M. en contra de quien ejecutaron la orden de aprehensi\u00f3n, posteriormente lo trasladaron ante la autoridad ministerial para que se defina su situaci\u00f3n jur\u00eddica.<\/p>\n<p>&nbsp;<\/p>\n<p>La Fiscal\u00eda General del Estado trabaja para brindar una atenci\u00f3n integral a las v\u00edctimas, especialmente cuando son delitos cometidos en contra de ni\u00f1as, ni\u00f1os y adolescentes, esto con el objetivo de garantizarles el derecho a tener una vida libre de violencia.<\/p>\n<p>&nbsp;<\/p>\n","protected":false},"author":2,"featured_media":5699,"comment_status":"closed","ping_status":"closed","template":"","tags":[],"categoria_noticias":[],"class_list":["post-15950","noticias","type-noticias","status-publish","has-post-thumbnail","hentry"],"acf":[],"mb":[],"mfb_rest_fields":["title","gutenberg_elementor_mode"],"_links":{"self":[{"href":"https:\/\/portal.fgeo.gob.mx\/index.php\/wp-json\/wp\/v2\/noticias\/15950","targetHints":{"allow":["GET"]}}],"collection":[{"href":"https:\/\/portal.fgeo.gob.mx\/index.php\/wp-json\/wp\/v2\/noticias"}],"about":[{"href":"https:\/\/portal.fgeo.gob.mx\/index.php\/wp-json\/wp\/v2\/types\/noticias"}],"author":[{"embeddable":true,"href":"https:\/\/portal.fgeo.gob.mx\/index.php\/wp-json\/wp\/v2\/users\/2"}],"replies":[{"embeddable":true,"href":"https:\/\/portal.fgeo.gob.mx\/index.php\/wp-json\/wp\/v2\/comments?post=15950"}],"wp:featuredmedia":[{"embeddable":true,"href":"https:\/\/portal.fgeo.gob.mx\/index.php\/wp-json\/wp\/v2\/media\/5699"}],"wp:attachment":[{"href":"https:\/\/portal.fgeo.gob.mx\/index.php\/wp-json\/wp\/v2\/media?parent=15950"}],"wp:term":[{"taxonomy":"post_tag","embeddable":true,"href":"https:\/\/portal.fgeo.gob.mx\/index.php\/wp-json\/wp\/v2\/tags?post=15950"},{"taxonomy":"categoria_noticias","embeddable":true,"href":"https:\/\/portal.fgeo.gob.mx\/index.php\/wp-json\/wp\/v2\/categoria_noticias?post=15950"}],"curies":[{"name":"wp","href":"https:\/\/api.w.org\/{rel}","templated":true}]}}