{"id":15945,"date":"2024-01-22T16:47:29","date_gmt":"2024-01-22T22:47:29","guid":{"rendered":"https:\/\/fge.oaxaca.gob.mx\/?post_type=noticias&amp;p=5686"},"modified":"2024-01-22T16:47:29","modified_gmt":"2024-01-22T22:47:29","slug":"boletin-556-investiga-fiscalia-de-oaxaca-probable-caso-de-bullying-luego-del-fallecimiento-de-un-adolescente-en-la-region-de-la-mixteca","status":"publish","type":"noticias","link":"https:\/\/portal.fgeo.gob.mx\/index.php\/archivos\/noticias\/boletin-556-investiga-fiscalia-de-oaxaca-probable-caso-de-bullying-luego-del-fallecimiento-de-un-adolescente-en-la-region-de-la-mixteca","title":{"rendered":"BOLET\u00cdN 556 &#8211; Investiga Fiscal\u00eda de Oaxaca probable caso de bullying luego del fallecimiento de un adolescente, en la regi\u00f3n de la Mixteca"},"content":{"rendered":"<p><strong>Oaxaca de Ju\u00e1rez, Oax., a 22 de enero de 2024 .-<\/strong> La Fiscal\u00eda General del Estado de Oaxaca (FGEO) inici\u00f3 una acuciosa investigaci\u00f3n ante el fallecimiento de un adolescentes, ocurrido en San Sim\u00f3n Zahuatl\u00e1n, perteneciente a la regi\u00f3n de la Mixteca, por el cual se abri\u00f3 una carpeta de investigaci\u00f3n por el delito de homicidio, adem\u00e1s que se busca establecer si se trat\u00f3 de un caso de bullying.<\/p>\n<p>De acuerdo con el expediente penal, lo hechos, inicialmente ocurrieron el 16 de enero de 2024, cuando la v\u00edctima, un adolescente de quien sus datos quedan reservados por Ley, se encontraba en la escuela secundaria del municipio de San Sim\u00f3n Zahuatl\u00e1n, cuando fue agredido por lo que cay\u00f3 por un barranco.<\/p>\n<p>Derivado de la situaci\u00f3n, result\u00f3 con severas lesiones por las cuales tuvo que ser internado en un hospital, pero el 21 de enero de 2024, la v\u00edctima sufri\u00f3 una reca\u00edda y perdi\u00f3 la vida a consecuencia de las lesiones.<\/p>\n<p>Ante los hechos, la Fiscal\u00eda de Oaxaca intervino a trav\u00e9s de la Vicefiscal\u00eda Regional de la Mixteca, que inici\u00f3 las indagatorias al respecto, para dar con quien o quienes resulten responsables de dicha agresi\u00f3n.<\/p>\n<p>La Fiscal\u00eda de Oaxaca contribuye a las labores interinstitucionales que buscan erradicar la violencia de las escuelas para que las aulas sean espacios seguros para el estudiantado a lo largo de las ocho regiones de la entidad.<\/p>\n<p><img fetchpriority=\"high\" decoding=\"async\" class=\"alignnone size-medium wp-image-5687\" src=\"https:\/\/portal.fgeo.gob.mx\/wp-content\/uploads\/2024\/01\/BOLET%C3%8DN-556-Investiga-Fiscal%C3%ADa-de-Oaxaca-probable-caso-de-bullying-luego-del-fallecimiento-de-un-adolescente-en-la-regi%C3%B3n-de-la-Mixteca_page-0001-1-232x300.jpg\" alt=\"\" width=\"232\" height=\"300\" \/><\/p>\n","protected":false},"author":2,"featured_media":5679,"comment_status":"closed","ping_status":"closed","template":"","tags":[],"categoria_noticias":[],"class_list":["post-15945","noticias","type-noticias","status-publish","has-post-thumbnail","hentry"],"acf":[],"mb":[],"mfb_rest_fields":["title","gutenberg_elementor_mode"],"_links":{"self":[{"href":"https:\/\/portal.fgeo.gob.mx\/index.php\/wp-json\/wp\/v2\/noticias\/15945","targetHints":{"allow":["GET"]}}],"collection":[{"href":"https:\/\/portal.fgeo.gob.mx\/index.php\/wp-json\/wp\/v2\/noticias"}],"about":[{"href":"https:\/\/portal.fgeo.gob.mx\/index.php\/wp-json\/wp\/v2\/types\/noticias"}],"author":[{"embeddable":true,"href":"https:\/\/portal.fgeo.gob.mx\/index.php\/wp-json\/wp\/v2\/users\/2"}],"replies":[{"embeddable":true,"href":"https:\/\/portal.fgeo.gob.mx\/index.php\/wp-json\/wp\/v2\/comments?post=15945"}],"wp:featuredmedia":[{"embeddable":true,"href":"https:\/\/portal.fgeo.gob.mx\/index.php\/wp-json\/wp\/v2\/media\/5679"}],"wp:attachment":[{"href":"https:\/\/portal.fgeo.gob.mx\/index.php\/wp-json\/wp\/v2\/media?parent=15945"}],"wp:term":[{"taxonomy":"post_tag","embeddable":true,"href":"https:\/\/portal.fgeo.gob.mx\/index.php\/wp-json\/wp\/v2\/tags?post=15945"},{"taxonomy":"categoria_noticias","embeddable":true,"href":"https:\/\/portal.fgeo.gob.mx\/index.php\/wp-json\/wp\/v2\/categoria_noticias?post=15945"}],"curies":[{"name":"wp","href":"https:\/\/api.w.org\/{rel}","templated":true}]}}