{"id":15943,"date":"2024-01-21T14:07:30","date_gmt":"2024-01-21T20:07:30","guid":{"rendered":"https:\/\/fge.oaxaca.gob.mx\/?post_type=noticias&amp;p=5681"},"modified":"2024-01-21T14:07:30","modified_gmt":"2024-01-21T20:07:30","slug":"en-prision-y-vinculado-a-proceso-queda-imputado-por-secuestro-cometido-en-miahuatlan-fiscalia-de-oaxaca","status":"publish","type":"noticias","link":"https:\/\/portal.fgeo.gob.mx\/index.php\/archivos\/noticias\/en-prision-y-vinculado-a-proceso-queda-imputado-por-secuestro-cometido-en-miahuatlan-fiscalia-de-oaxaca","title":{"rendered":"En prisi\u00f3n y vinculado a proceso, queda imputado por secuestro\u00a0cometido en Miahuatl\u00e1n: Fiscal\u00eda de Oaxaca"},"content":{"rendered":"<p><strong>\u00a0<\/strong><\/p>\n<p><strong>\u00a0<\/strong><\/p>\n<p><strong><img decoding=\"async\" class=\"alignnone size-medium wp-image-5679\" src=\"https:\/\/portal.fgeo.gob.mx\/wp-content\/uploads\/2024\/01\/fiscalia-informa-300x150.jpeg\" alt=\"\" width=\"300\" height=\"150\" \/><\/strong><strong>\u00a0<\/strong><\/p>\n<p><strong>\u00a0<\/strong><\/p>\n<p><strong>Oaxaca de Ju\u00e1rez, Oax., a 21 de enero de 2024.- <\/strong>Gracias a los trabajos especializados en combate al secuestro, la Fiscal\u00eda General del Estado de Oaxaca (FGEO) obtuvo auto de vinculaci\u00f3n a proceso y logr\u00f3 prisi\u00f3n preventiva en contra de G. A. V., por el delito de Secuestro, en agravio de una mujer.<\/p>\n<p>&nbsp;<\/p>\n<p>Los hechos ocurrieron el 31 de diciembre de 2023, cuando la v\u00edctima (cuya identidad se mantiene reservada) sali\u00f3 de su domicilio, localizado en la comunidad de Agua del Sol, perteneciente a Miahuatl\u00e1n de Porfirio D\u00edaz, pues se dirig\u00eda a Ejutla de Crespo para realizar compras.<\/p>\n<p>&nbsp;<\/p>\n<p><img fetchpriority=\"high\" decoding=\"async\" class=\"alignnone size-medium wp-image-5682\" src=\"https:\/\/portal.fgeo.gob.mx\/wp-content\/uploads\/2024\/01\/secuestro-300x188.jpeg\" alt=\"\" width=\"300\" height=\"188\" \/><\/p>\n<p>&nbsp;<\/p>\n<p>Durante el trayecto, la v\u00edctima perdi\u00f3 contacto con sus familiares, quienes posteriormente recibieron mensajes en los que exig\u00edan dinero en efectivo para dejar en libertad a la mujer, por lo que acudieron ante la FGEO para denunciar los hechos.<\/p>\n<p>&nbsp;<\/p>\n<p>Las investigaciones quedaron a cargo de la Unidad Especializada de Combate al Secuestro (UECS) de la Fiscal\u00eda Especializada para la Atenci\u00f3n a Delitos de Alto Impacto que, gracias a los trabajos de inteligencia presentaron las pruebas para obtener una orden de aprehensi\u00f3n.<\/p>\n<p>&nbsp;<\/p>\n<p><img decoding=\"async\" class=\"alignnone size-medium wp-image-5683\" src=\"https:\/\/portal.fgeo.gob.mx\/wp-content\/uploads\/2024\/01\/BOLET%C3%8DN-554-En-prisi%C3%B3n-y-vinculado-a-proceso-queda-imputado-por-secuestro-cometido-en-Miahuatl%C3%A1n-Fiscal%C3%ADa-de-Oaxaca_page-0001-232x300.jpg\" alt=\"\" width=\"232\" height=\"300\" \/><\/p>\n<p>&nbsp;<\/p>\n<p>Elementos de la Agencia Estatal de Investigaciones (AEI) dieron con el paradero de G. A. V., quien fue detenido en cumplimiento al mandato judicial e inmediatamente despu\u00e9s fue presentado ante el Juez que lo requiri\u00f3, quien luego de evaluar el trabajo ministerial, dict\u00f3 auto de vinculaci\u00f3n a proceso en contra del imputado a quien impuso la medida cautelar de prisi\u00f3n preventiva y otorg\u00f3 cuatro meses para el cierre de la investigaci\u00f3n complementaria.<\/p>\n<p>&nbsp;<\/p>\n<p>En delitos de alto impacto, la denuncia es clave para la actuaci\u00f3n inmediata de la Fiscal\u00eda de Oaxaca que emplea t\u00e9cnica de investigaci\u00f3n especializadas y realiza trabajos de inteligencia para castigar la comisi\u00f3n de este tipo de il\u00edcitos con el objetivo que las v\u00edctimas tengan pleno acceso a la justicia.<\/p>\n","protected":false},"author":2,"featured_media":5679,"comment_status":"closed","ping_status":"closed","template":"","tags":[],"categoria_noticias":[],"class_list":["post-15943","noticias","type-noticias","status-publish","has-post-thumbnail","hentry"],"acf":[],"mb":[],"mfb_rest_fields":["title","gutenberg_elementor_mode"],"_links":{"self":[{"href":"https:\/\/portal.fgeo.gob.mx\/index.php\/wp-json\/wp\/v2\/noticias\/15943","targetHints":{"allow":["GET"]}}],"collection":[{"href":"https:\/\/portal.fgeo.gob.mx\/index.php\/wp-json\/wp\/v2\/noticias"}],"about":[{"href":"https:\/\/portal.fgeo.gob.mx\/index.php\/wp-json\/wp\/v2\/types\/noticias"}],"author":[{"embeddable":true,"href":"https:\/\/portal.fgeo.gob.mx\/index.php\/wp-json\/wp\/v2\/users\/2"}],"replies":[{"embeddable":true,"href":"https:\/\/portal.fgeo.gob.mx\/index.php\/wp-json\/wp\/v2\/comments?post=15943"}],"wp:featuredmedia":[{"embeddable":true,"href":"https:\/\/portal.fgeo.gob.mx\/index.php\/wp-json\/wp\/v2\/media\/5679"}],"wp:attachment":[{"href":"https:\/\/portal.fgeo.gob.mx\/index.php\/wp-json\/wp\/v2\/media?parent=15943"}],"wp:term":[{"taxonomy":"post_tag","embeddable":true,"href":"https:\/\/portal.fgeo.gob.mx\/index.php\/wp-json\/wp\/v2\/tags?post=15943"},{"taxonomy":"categoria_noticias","embeddable":true,"href":"https:\/\/portal.fgeo.gob.mx\/index.php\/wp-json\/wp\/v2\/categoria_noticias?post=15943"}],"curies":[{"name":"wp","href":"https:\/\/api.w.org\/{rel}","templated":true}]}}