{"id":15941,"date":"2024-01-19T12:40:04","date_gmt":"2024-01-19T18:40:04","guid":{"rendered":"https:\/\/fge.oaxaca.gob.mx\/?post_type=noticias&amp;p=5671"},"modified":"2024-01-19T12:40:04","modified_gmt":"2024-01-19T18:40:04","slug":"fgeo-comprometida-en-acompanamiento-de-familia-de-agente-caido-en-cumplimiento-del-deber-bernardo-rodriguez-alamilla","status":"publish","type":"noticias","link":"https:\/\/portal.fgeo.gob.mx\/index.php\/archivos\/noticias\/fgeo-comprometida-en-acompanamiento-de-familia-de-agente-caido-en-cumplimiento-del-deber-bernardo-rodriguez-alamilla","title":{"rendered":"FGEO comprometida en acompa\u00f1amiento de familia de Agente ca\u00eddo en cumplimiento del deber: Bernardo Rodr\u00edguez Alamilla"},"content":{"rendered":"<p><strong>Oaxaca de Ju\u00e1rez, Oax., a 19 de enero de 2024 <\/strong>.- Al acudir a ofrecer sus condolencias a la familia del Agente Estatal de Investigaci\u00f3n Ricardo Ch\u00e1vez Garc\u00eda, quien falleci\u00f3 en el cumplimiento de su deber durante un operativo realizado en San Gabriel Mixtepec, el Fiscal General del Estado de Oaxaca, Bernardo Rodr\u00edguez Alamilla, reiter\u00f3 su compromiso institucional y personal de brindar el acompa\u00f1amiento necesario, as\u00ed como el cobijo y protecci\u00f3n del organismo procurador de justicia.<\/p>\n<p>Junto al coordinador de la Agencia Estatal de Investigaciones (AEI), Jaciel V\u00e1squez Castro, as\u00ed como el Vicefiscal Regional de la Costa, Manuel Alejandro Motta Lara, el Fiscal General, Bernardo Rodr\u00edguez, acudi\u00f3 al domicilio del agente Ricardo Ch\u00e1vez Garc\u00eda placa 337, para reconocer el valor y hero\u00edsmo de quien, durante sus a\u00f1os de servicio en la corporaci\u00f3n, desempe\u00f1\u00f3 con integridad su trabajo en favor de la sociedad oaxaque\u00f1a, adem\u00e1s que su labor ha sido significativa en las labores de garantizar un estado m\u00e1s seguro y en paz.<\/p>\n<p><img fetchpriority=\"high\" decoding=\"async\" class=\"alignnone size-medium wp-image-5672\" src=\"https:\/\/portal.fgeo.gob.mx\/wp-content\/uploads\/2024\/01\/BOLET%C3%8DN-551-FGEO-comprometida-en-acompa%C3%B1amiento-de-familia-de-Agente-ca%C3%ADdo-en-cumplimiento-del-deber-Bernardo-Rodr%C3%ADguez-Alamilla-1-296x300.jpeg\" alt=\"\" width=\"296\" height=\"300\" \/><\/p>\n<p>Por ello, el Fiscal Bernardo Rodr\u00edguez insisti\u00f3 en que, desde la FGEO, \u201cacompa\u00f1aremos a la familia, especialmente para garantizarle el acceso pronto y pleno a sus derechos\u201d, y sostuvo que cuentan con la solidaridad y protecci\u00f3n de la instituci\u00f3n, pues se realizar\u00e1n todos los esfuerzos necesarios para acompa\u00f1arlos.<\/p>\n<p>Por su parte el coordinador de la Agencia Estatal de Investigaciones, Jaciel V\u00e1squez Castro, ofreci\u00f3 sus condolencias a familiares del integrante de la AEI, adem\u00e1s de externar que el agente Ricardo Ch\u00e1vez Garc\u00eda destac\u00f3 por su capacidad profesional, as\u00ed como por su compromiso por trabajar para la justicia y por el bien de la seguridad de todas y todos.<\/p>\n<p>Posteriormente, el Fiscal General, Bernardo Rodr\u00edguez Alamilla, as\u00ed como el coordinador de la AEI Jaciel V\u00e1squez Castro, junto con elementos de la polic\u00eda investigadora montaron la guardia de honor para rendir honores de despedida para Ricardo Ch\u00e1vez Garc\u00eda, ante la presencia de los familiares y amigos del agente con placa 337.<\/p>\n<p><img decoding=\"async\" class=\"alignnone size-medium wp-image-5673\" src=\"https:\/\/portal.fgeo.gob.mx\/wp-content\/uploads\/2024\/01\/BOLET%C3%8DN-551-FGEO-comprometida-en-acompa%C3%B1amiento-de-familia-de-Agente-ca%C3%ADdo-en-cumplimiento-del-deber-Bernardo-Rodr%C3%ADguez-Alamilla-3-281x300.jpeg\" alt=\"\" width=\"281\" height=\"300\" \/> <img decoding=\"async\" class=\"alignnone size-medium wp-image-5674\" src=\"https:\/\/portal.fgeo.gob.mx\/wp-content\/uploads\/2024\/01\/BOLET%C3%8DN-551-FGEO-comprometida-en-acompa%C3%B1amiento-de-familia-de-Agente-ca%C3%ADdo-en-cumplimiento-del-deber-Bernardo-Rodr%C3%ADguez-Alamilla2-263x300.jpeg\" alt=\"\" width=\"263\" height=\"300\" \/><\/p>\n","protected":false},"author":2,"featured_media":5617,"comment_status":"closed","ping_status":"closed","template":"","tags":[],"categoria_noticias":[],"class_list":["post-15941","noticias","type-noticias","status-publish","has-post-thumbnail","hentry"],"acf":[],"mb":[],"mfb_rest_fields":["title","gutenberg_elementor_mode"],"_links":{"self":[{"href":"https:\/\/portal.fgeo.gob.mx\/index.php\/wp-json\/wp\/v2\/noticias\/15941","targetHints":{"allow":["GET"]}}],"collection":[{"href":"https:\/\/portal.fgeo.gob.mx\/index.php\/wp-json\/wp\/v2\/noticias"}],"about":[{"href":"https:\/\/portal.fgeo.gob.mx\/index.php\/wp-json\/wp\/v2\/types\/noticias"}],"author":[{"embeddable":true,"href":"https:\/\/portal.fgeo.gob.mx\/index.php\/wp-json\/wp\/v2\/users\/2"}],"replies":[{"embeddable":true,"href":"https:\/\/portal.fgeo.gob.mx\/index.php\/wp-json\/wp\/v2\/comments?post=15941"}],"wp:featuredmedia":[{"embeddable":true,"href":"https:\/\/portal.fgeo.gob.mx\/index.php\/wp-json\/wp\/v2\/media\/5617"}],"wp:attachment":[{"href":"https:\/\/portal.fgeo.gob.mx\/index.php\/wp-json\/wp\/v2\/media?parent=15941"}],"wp:term":[{"taxonomy":"post_tag","embeddable":true,"href":"https:\/\/portal.fgeo.gob.mx\/index.php\/wp-json\/wp\/v2\/tags?post=15941"},{"taxonomy":"categoria_noticias","embeddable":true,"href":"https:\/\/portal.fgeo.gob.mx\/index.php\/wp-json\/wp\/v2\/categoria_noticias?post=15941"}],"curies":[{"name":"wp","href":"https:\/\/api.w.org\/{rel}","templated":true}]}}