{"id":15940,"date":"2024-01-19T14:03:24","date_gmt":"2024-01-19T20:03:24","guid":{"rendered":"https:\/\/fge.oaxaca.gob.mx\/?post_type=noticias&amp;p=5670"},"modified":"2024-01-19T14:03:24","modified_gmt":"2024-01-19T20:03:24","slug":"tras-operativo-fgeo-aprehende-a-tres-personas-y-quedan-vinculadas-a-proceso-por-asalto-armado-cometido-en-el-istmo-de-tehuantepec","status":"publish","type":"noticias","link":"https:\/\/portal.fgeo.gob.mx\/index.php\/archivos\/noticias\/tras-operativo-fgeo-aprehende-a-tres-personas-y-quedan-vinculadas-a-proceso-por-asalto-armado-cometido-en-el-istmo-de-tehuantepec","title":{"rendered":"Tras operativo, FGEO aprehende a tres personas y quedan vinculadas a proceso por asalto armado cometido en el Istmo de Tehuantepec"},"content":{"rendered":"<p><strong><img decoding=\"async\" class=\"alignnone size-medium wp-image-5617\" src=\"https:\/\/portal.fgeo.gob.mx\/wp-content\/uploads\/2023\/12\/fiscalia-informa-1-300x150.jpeg\" alt=\"\" width=\"300\" height=\"150\" \/>\u00a0<\/strong><\/p>\n<p><strong>Oaxaca de Ju\u00e1rez, Oax., a 19 de enero de 2024 .-<\/strong> Como resultado de un operativo realizado por la Fiscal\u00eda General del Estado de Oaxaca (FGEO), se logr\u00f3 la detenci\u00f3n y ejecuci\u00f3n de una orden de aprehensi\u00f3n contra tres personas del sexo masculino identificadas como R. T. G., D. J. G. P. y O. R. T., quienes quedaron vinculados a proceso y en prisi\u00f3n preventiva por el delito de Robo con Violencia Moral a las Personas, cometido en la regi\u00f3n del Istmo de Tehuantepec.<\/p>\n<p>&nbsp;<\/p>\n<p>Los hechos ocurrieron el 8 de enero de 2024, cuando las v\u00edctimas viajaban a bordo de un veh\u00edculo de motor y circulaban por calles de la Colonia Vicente Gola de la ciudad de Juchit\u00e1n de Zaragoza, cuando observaron que un mototaxi les dio alcance y les cerr\u00f3 el paso, por lo que se vieron obligados a detenerse.<\/p>\n<p>&nbsp;<\/p>\n<p><img fetchpriority=\"high\" decoding=\"async\" class=\"alignnone size-medium wp-image-5675\" src=\"https:\/\/portal.fgeo.gob.mx\/wp-content\/uploads\/2024\/01\/istmo-300x169.jpeg\" alt=\"\" width=\"300\" height=\"169\" \/><\/p>\n<p>&nbsp;<\/p>\n<p>En ese momento, un grupo de personas armadas amag\u00f3 a las v\u00edctimas para inmediatamente despu\u00e9s, despojarlas de sus pertenencias, principalmente dinero en efectivo.<\/p>\n<p>&nbsp;<\/p>\n<p>Tras la comisi\u00f3n del delito, las v\u00edctimas denunciaron ante la Fiscal\u00eda de Oaxaca por lo que se inici\u00f3 una carpeta de investigaci\u00f3n que qued\u00f3 a cargo de la Vicefiscal\u00eda Regional del Istmo, que obtuvo una orden de aprehensi\u00f3n que fue ejecutada por elementos de la Agencia Estatal de Investigaci\u00f3n (AEI) que logr\u00f3 la detenci\u00f3n de tres personas.<\/p>\n<p>&nbsp;<\/p>\n<p><img decoding=\"async\" class=\"alignnone size-medium wp-image-5676\" src=\"https:\/\/portal.fgeo.gob.mx\/wp-content\/uploads\/2024\/01\/BOLET%C3%8DN-552-Tras-operativo-FGEO-aprehende-a-tres-personas-y-quedan-vinculadas-a-proceso-por-asalto-armado-cometido-en-el-Istmo-de-Tehuantepec_page-0001-232x300.jpg\" alt=\"\" width=\"232\" height=\"300\" \/><\/p>\n<p>&nbsp;<\/p>\n<p>Luego de realizar los trabajos ministeriales correspondientes, los resultados se presentaron ante el Juez que atiende la causa, quien dict\u00f3 auto de vinculaci\u00f3n a proceso en contra de R. T. G., D. J. G. P. y O. R. T., por el delito de Robo con Violencia Moral a las Personas, adem\u00e1s que impuso la medida cautelar de prisi\u00f3n preventiva.<\/p>\n<p>&nbsp;<\/p>\n<p>En caso de ser v\u00edctima de un delito, la denuncia ante la Fiscal\u00eda General del Estado de Oaxaca es clave para la actuaci\u00f3n inmediata para dar con el paradero de quien resulte responsable, por lo que la instituci\u00f3n encargada de la procuraci\u00f3n de justicia cuenta con \u00e1reas especializadas para que las v\u00edctimas alcancen la reparaci\u00f3n del da\u00f1o durante este proceso.<\/p>\n","protected":false},"author":2,"featured_media":5617,"comment_status":"closed","ping_status":"closed","template":"","tags":[],"categoria_noticias":[],"class_list":["post-15940","noticias","type-noticias","status-publish","has-post-thumbnail","hentry"],"acf":[],"mb":[],"mfb_rest_fields":["title","gutenberg_elementor_mode"],"_links":{"self":[{"href":"https:\/\/portal.fgeo.gob.mx\/index.php\/wp-json\/wp\/v2\/noticias\/15940","targetHints":{"allow":["GET"]}}],"collection":[{"href":"https:\/\/portal.fgeo.gob.mx\/index.php\/wp-json\/wp\/v2\/noticias"}],"about":[{"href":"https:\/\/portal.fgeo.gob.mx\/index.php\/wp-json\/wp\/v2\/types\/noticias"}],"author":[{"embeddable":true,"href":"https:\/\/portal.fgeo.gob.mx\/index.php\/wp-json\/wp\/v2\/users\/2"}],"replies":[{"embeddable":true,"href":"https:\/\/portal.fgeo.gob.mx\/index.php\/wp-json\/wp\/v2\/comments?post=15940"}],"wp:featuredmedia":[{"embeddable":true,"href":"https:\/\/portal.fgeo.gob.mx\/index.php\/wp-json\/wp\/v2\/media\/5617"}],"wp:attachment":[{"href":"https:\/\/portal.fgeo.gob.mx\/index.php\/wp-json\/wp\/v2\/media?parent=15940"}],"wp:term":[{"taxonomy":"post_tag","embeddable":true,"href":"https:\/\/portal.fgeo.gob.mx\/index.php\/wp-json\/wp\/v2\/tags?post=15940"},{"taxonomy":"categoria_noticias","embeddable":true,"href":"https:\/\/portal.fgeo.gob.mx\/index.php\/wp-json\/wp\/v2\/categoria_noticias?post=15940"}],"curies":[{"name":"wp","href":"https:\/\/api.w.org\/{rel}","templated":true}]}}