{"id":15939,"date":"2024-01-18T16:07:53","date_gmt":"2024-01-18T22:07:53","guid":{"rendered":"https:\/\/fge.oaxaca.gob.mx\/?post_type=noticias&amp;p=5667"},"modified":"2024-01-18T16:07:53","modified_gmt":"2024-01-18T22:07:53","slug":"fiscalia-de-oaxaca-aprehende-a-una-persona-por-lesiones-calificadas-luego-de-agredir-a-nino-con-un-cuter","status":"publish","type":"noticias","link":"https:\/\/portal.fgeo.gob.mx\/index.php\/archivos\/noticias\/fiscalia-de-oaxaca-aprehende-a-una-persona-por-lesiones-calificadas-luego-de-agredir-a-nino-con-un-cuter","title":{"rendered":"Fiscal\u00eda de Oaxaca aprehende a una persona por lesiones calificadas, luego de agredir a ni\u00f1o con un c\u00fater"},"content":{"rendered":"<p>&nbsp;<\/p>\n<p><strong><img decoding=\"async\" class=\"alignnone size-medium wp-image-5617\" src=\"https:\/\/portal.fgeo.gob.mx\/wp-content\/uploads\/2023\/12\/fiscalia-informa-1-300x150.jpeg\" alt=\"\" width=\"300\" height=\"150\" \/><\/strong><em>\u00a0<\/em><\/p>\n<p><em>\u00a0<\/em><\/p>\n<p><strong>Oaxaca de Ju\u00e1rez, Oax., a 18 de enero de 2024 .-<\/strong> En menos de 72 horas despu\u00e9s de sucedidos los hechos, la Fiscal\u00eda General del Estado de Oaxaca obtuvo auto de vinculaci\u00f3n a proceso en contra de J. E. R. A., por el delito de Lesiones Calificadas en agravio de un ni\u00f1o, hechos cometidos en la regi\u00f3n de los Valles Centrales.<\/p>\n<p>&nbsp;<\/p>\n<p>Como constan en el expediente penal, los hechos sucedieron el 13 de enero de 2024, cuando la v\u00edctima (un ni\u00f1o de tres a\u00f1os de edad, cuya identidad est\u00e1 reservada por ley) se encontraba en su domicilio, localizado en la colonia Centro del municipio conurbado de Santa Cruz Amilpas, en la Zona Metropolitana de Oaxaca.<\/p>\n<p>&nbsp;<\/p>\n<p><img fetchpriority=\"high\" decoding=\"async\" class=\"alignnone size-medium wp-image-5669\" src=\"https:\/\/portal.fgeo.gob.mx\/wp-content\/uploads\/2024\/01\/lesiones-191x300.jpeg\" alt=\"\" width=\"191\" height=\"300\" \/><\/p>\n<p>&nbsp;<\/p>\n<p>En el sitio, un adulto utiliz\u00f3 una herramienta de trabajo (c\u00fater) con el agredi\u00f3 a la v\u00edctima, a quien infligi\u00f3 lesiones al hacer cortes en diferentes partes del cuerpo.<\/p>\n<p>&nbsp;<\/p>\n<p>Al percatarse de la agresi\u00f3n, la familia de la v\u00edctima acudi\u00f3 ante la Fiscal\u00eda de Oaxaca para presentar su denuncia, por lo que inici\u00f3 la carpeta de investigaci\u00f3n correspondiente e iniciaron los trabajos que est\u00e1n a cargo de la Fiscal\u00eda Especializada para la Atenci\u00f3n a Delitos Contra la Mujer por Raz\u00f3n de G\u00e9nero.<\/p>\n<p>&nbsp;<\/p>\n<p><img decoding=\"async\" class=\"alignnone size-medium wp-image-5668\" src=\"https:\/\/portal.fgeo.gob.mx\/wp-content\/uploads\/2024\/01\/BOLET%C3%8DN-550-Fiscal%C3%ADa-de-Oaxaca-aprehende-a-una-persona-por-lesiones-calificadas-luego-de-agredir-a-ni%C3%B1o-con-un-c%C3%BAter_page-0001-232x300.jpg\" alt=\"\" width=\"232\" height=\"300\" \/><\/p>\n<p>&nbsp;<\/p>\n<p>Derivado de las indagatorias y diversos trabajos ministeriales, se obtuvo la orden de aprehensi\u00f3n, enseguida, elementos de la Agencia Estatal de Investigaciones detuvieron a J. E. R. A. quien, luego de ser presentado ante el Juez, se dict\u00f3 auto de vinculaci\u00f3n a proceso en su contra por el delito de Lesiones Calificadas.<\/p>\n<p>&nbsp;<\/p>\n<p>La Fiscal\u00eda de Oaxaca busca que, a trav\u00e9s de los trabajos de procuraci\u00f3n de justicia, se impongan las sanciones m\u00e1s severas en contra de quien resulte responsable por la comisi\u00f3n de delitos cometidos en contra de ni\u00f1as, ni\u00f1os y adolescentes.<\/p>\n","protected":false},"author":2,"featured_media":5617,"comment_status":"closed","ping_status":"closed","template":"","tags":[],"categoria_noticias":[],"class_list":["post-15939","noticias","type-noticias","status-publish","has-post-thumbnail","hentry"],"acf":[],"mb":[],"mfb_rest_fields":["title","gutenberg_elementor_mode"],"_links":{"self":[{"href":"https:\/\/portal.fgeo.gob.mx\/index.php\/wp-json\/wp\/v2\/noticias\/15939","targetHints":{"allow":["GET"]}}],"collection":[{"href":"https:\/\/portal.fgeo.gob.mx\/index.php\/wp-json\/wp\/v2\/noticias"}],"about":[{"href":"https:\/\/portal.fgeo.gob.mx\/index.php\/wp-json\/wp\/v2\/types\/noticias"}],"author":[{"embeddable":true,"href":"https:\/\/portal.fgeo.gob.mx\/index.php\/wp-json\/wp\/v2\/users\/2"}],"replies":[{"embeddable":true,"href":"https:\/\/portal.fgeo.gob.mx\/index.php\/wp-json\/wp\/v2\/comments?post=15939"}],"wp:featuredmedia":[{"embeddable":true,"href":"https:\/\/portal.fgeo.gob.mx\/index.php\/wp-json\/wp\/v2\/media\/5617"}],"wp:attachment":[{"href":"https:\/\/portal.fgeo.gob.mx\/index.php\/wp-json\/wp\/v2\/media?parent=15939"}],"wp:term":[{"taxonomy":"post_tag","embeddable":true,"href":"https:\/\/portal.fgeo.gob.mx\/index.php\/wp-json\/wp\/v2\/tags?post=15939"},{"taxonomy":"categoria_noticias","embeddable":true,"href":"https:\/\/portal.fgeo.gob.mx\/index.php\/wp-json\/wp\/v2\/categoria_noticias?post=15939"}],"curies":[{"name":"wp","href":"https:\/\/api.w.org\/{rel}","templated":true}]}}