{"id":15937,"date":"2024-01-17T16:29:44","date_gmt":"2024-01-17T22:29:44","guid":{"rendered":"https:\/\/fge.oaxaca.gob.mx\/?post_type=noticias&amp;p=5661"},"modified":"2024-01-17T16:29:44","modified_gmt":"2024-01-17T22:29:44","slug":"5661","status":"publish","type":"noticias","link":"https:\/\/portal.fgeo.gob.mx\/index.php\/archivos\/noticias\/5661","title":{"rendered":"Ejecutan orden de aprehensi\u00f3n contra hombre por tentativa de feminicidio cometida en la Costa: FGEO"},"content":{"rendered":"<p>&nbsp;<\/p>\n<p><strong>\u00a0<\/strong><\/p>\n<p><strong>\u00a0<img decoding=\"async\" class=\"alignnone size-medium wp-image-5617\" src=\"https:\/\/portal.fgeo.gob.mx\/wp-content\/uploads\/2023\/12\/fiscalia-informa-1-300x150.jpeg\" alt=\"\" width=\"300\" height=\"150\" \/><\/strong><\/p>\n<p><strong>\u00a0<\/strong><\/p>\n<p><strong>Oaxaca de Ju\u00e1rez, Oax., a 17 de enero de 2024.- <\/strong>Las investigaciones con perspectiva de g\u00e9nero de la Fiscal\u00eda General del Estado de Oaxaca (FGEO) hicieron posible la ejecuci\u00f3n de una orden de aprehensi\u00f3n en contra de E. F. R., por el delito de Tentativa de Feminicidio cometido en la regi\u00f3n de la Costa.<\/p>\n<p>&nbsp;<\/p>\n<p>Los hechos ocurrieron el 22 de enero de 2023, de acuerdo con el expediente penal del caso, cuando la v\u00edctima (una mujer cuya identidad queda bajo resguardo por cuesti\u00f3n de seguridad) se encontraba al interior de su domicilio ubicado en la localidad de San Francisco Cozoaltepec, que perteneciente al Municipio de Santa Mar\u00eda Tonameca.<\/p>\n<p>&nbsp;<\/p>\n<p><img fetchpriority=\"high\" decoding=\"async\" class=\"alignnone size-medium wp-image-5662\" src=\"https:\/\/portal.fgeo.gob.mx\/wp-content\/uploads\/2024\/01\/costa-225x300.jpeg\" alt=\"\" width=\"225\" height=\"300\" \/><\/p>\n<p>&nbsp;<\/p>\n<p>La v\u00edctima despert\u00f3 y observ\u00f3 la presencia de su agresor quien la atac\u00f3 con un arma corto-contundente (machete), con el que infligi\u00f3 lesiones que pusieron en riesgo su vida.<\/p>\n<p>&nbsp;<\/p>\n<p>Tras la comisi\u00f3n de la agresi\u00f3n, la v\u00edctima denunci\u00f3 los hechos ante la FGEO que inici\u00f3 las investigaciones a trav\u00e9s de la Unidad Operativa de Investigaci\u00f3n de Delitos Cometidos contra la Mujer por Raz\u00f3n de G\u00e9nero, de la Vicefiscal\u00eda Regional de la Costa.<\/p>\n<p>&nbsp;<\/p>\n<p><img decoding=\"async\" class=\"alignnone size-medium wp-image-5663\" src=\"https:\/\/portal.fgeo.gob.mx\/wp-content\/uploads\/2024\/01\/BOLET%C3%8DN-548-Ejecutan-orden-de-aprehensi%C3%B3n-contra-hombre-por-tentativa-de-feminicidio-cometida-en-la-Costa-FGEO_page-0001-232x300.jpg\" alt=\"\" width=\"232\" height=\"300\" \/><\/p>\n<p>&nbsp;<\/p>\n<p>Tras obtener una orden de aprehensi\u00f3n en contra de E. F. R., elementos de la Agencia Estatal de Investigaciones (AEI) dieron con su paradero, por lo que dieron cumplimiento al mandato judicial y detuvieron a la persona para posteriormente presentarlo ante el agente del ministerio p\u00fablico para que determine su situaci\u00f3n jur\u00eddica.<\/p>\n<p>&nbsp;<\/p>\n<p>La Fiscal\u00eda de Oaxaca da seguimiento legal a los casos de violencia de g\u00e9nero en delitos cometidos contra la mujer, para fortalecer la estrategia estatal para reducir la incidencia de casos de este tipo y, con ello, garantizar una libre vida de violencia.<\/p>\n","protected":false},"author":2,"featured_media":5617,"comment_status":"closed","ping_status":"closed","template":"","tags":[],"categoria_noticias":[],"class_list":["post-15937","noticias","type-noticias","status-publish","has-post-thumbnail","hentry"],"acf":[],"mb":[],"mfb_rest_fields":["title","gutenberg_elementor_mode"],"_links":{"self":[{"href":"https:\/\/portal.fgeo.gob.mx\/index.php\/wp-json\/wp\/v2\/noticias\/15937","targetHints":{"allow":["GET"]}}],"collection":[{"href":"https:\/\/portal.fgeo.gob.mx\/index.php\/wp-json\/wp\/v2\/noticias"}],"about":[{"href":"https:\/\/portal.fgeo.gob.mx\/index.php\/wp-json\/wp\/v2\/types\/noticias"}],"author":[{"embeddable":true,"href":"https:\/\/portal.fgeo.gob.mx\/index.php\/wp-json\/wp\/v2\/users\/2"}],"replies":[{"embeddable":true,"href":"https:\/\/portal.fgeo.gob.mx\/index.php\/wp-json\/wp\/v2\/comments?post=15937"}],"wp:featuredmedia":[{"embeddable":true,"href":"https:\/\/portal.fgeo.gob.mx\/index.php\/wp-json\/wp\/v2\/media\/5617"}],"wp:attachment":[{"href":"https:\/\/portal.fgeo.gob.mx\/index.php\/wp-json\/wp\/v2\/media?parent=15937"}],"wp:term":[{"taxonomy":"post_tag","embeddable":true,"href":"https:\/\/portal.fgeo.gob.mx\/index.php\/wp-json\/wp\/v2\/tags?post=15937"},{"taxonomy":"categoria_noticias","embeddable":true,"href":"https:\/\/portal.fgeo.gob.mx\/index.php\/wp-json\/wp\/v2\/categoria_noticias?post=15937"}],"curies":[{"name":"wp","href":"https:\/\/api.w.org\/{rel}","templated":true}]}}