{"id":15932,"date":"2024-01-10T17:00:05","date_gmt":"2024-01-10T23:00:05","guid":{"rendered":"https:\/\/fge.oaxaca.gob.mx\/?post_type=noticias&amp;p=5648"},"modified":"2024-01-10T17:00:05","modified_gmt":"2024-01-10T23:00:05","slug":"fgeo-obtiene-vinculacion-a-proceso-por-homicidio-en-la-sierra-sur","status":"publish","type":"noticias","link":"https:\/\/portal.fgeo.gob.mx\/index.php\/archivos\/noticias\/fgeo-obtiene-vinculacion-a-proceso-por-homicidio-en-la-sierra-sur","title":{"rendered":"FGEO obtiene vinculaci\u00f3n a proceso por homicidio en la Sierra Sur"},"content":{"rendered":"<p>&nbsp;<\/p>\n<p><strong><img decoding=\"async\" class=\"alignnone size-medium wp-image-5617\" src=\"https:\/\/portal.fgeo.gob.mx\/wp-content\/uploads\/2023\/12\/fiscalia-informa-1-300x150.jpeg\" alt=\"\" width=\"300\" height=\"150\" \/><\/strong><strong>\u00a0<\/strong><\/p>\n<p><strong>Oaxaca de Ju\u00e1rez, Oax., a 10 de enero de 2024 .-<\/strong> La Fiscal\u00eda General del Estado de Oaxaca (FGEO) obtuvo una vinculaci\u00f3n a proceso en contra de una persona del sexo masculino identificada como A.M.R., por el delito de homicidio calificado con ventaja, hechos cometidos en la regi\u00f3n de la Sierra Sur.<\/p>\n<p>&nbsp;<\/p>\n<p>De acuerdo con la carpeta de investigaci\u00f3n por el caso, los hechos ocurrieron el 31 de octubre de 2023, cuando la v\u00edctima identificada como I.Z.S., se encontraba en su domicilio ubicado en Santa Rosa Matagallinas, Santa Mar\u00eda Sola, lugar al que lleg\u00f3 el agresor con un arma de fuego y realiz\u00f3 disparos en contra de la v\u00edctima, quien perdi\u00f3 la vida por las heridas infligidas.<\/p>\n<p>&nbsp;<\/p>\n<p><img fetchpriority=\"high\" decoding=\"async\" class=\"alignnone size-medium wp-image-5649\" src=\"https:\/\/portal.fgeo.gob.mx\/wp-content\/uploads\/2024\/01\/BOLET%C3%8DN-543-FGEO-obtiene-vinculaci%C3%B3n-a-proceso-por-homicidio-en-la-Sierra-Sur_page-0001-232x300.jpg\" alt=\"\" width=\"232\" height=\"300\" \/><\/p>\n<p>&nbsp;<\/p>\n<p>Al tener conocimiento de estos hechos, la Fiscal\u00eda General del Estado de Oaxaca inici\u00f3 las investigaciones por medio de la Vicefiscal\u00eda General de Control Regional que permitieron obtener la orden de aprehensi\u00f3n, la cual fue ejecutada por elementos de la Agencia Estatal de Investigaciones, quienes los pusieron a disposici\u00f3n del Juez que conoce la causa.<\/p>\n<p>&nbsp;<\/p>\n<p>En audiencia, el Juez determin\u00f3 vincular a proceso por el delito de homicidio y tentativa de homicidio calificado con ventaja en contra del imputado identificado por las iniciales A.M.R. a quien le impuso la medida de prisi\u00f3n preventiva y otorg\u00f3 tres meses para el cierre de la investigaci\u00f3n.<\/p>\n<p>&nbsp;<\/p>\n<p>La Fiscal\u00eda General del Estado atiende en forma prioritaria los casos de delitos de alto impacto esto con el objetivo de brindar un pleno acceso a adecuados procesos de procuraci\u00f3n de justicia para las v\u00edctimas directas e indirectas.<\/p>\n<p>&nbsp;<\/p>\n<p>&nbsp;<\/p>\n<p>&nbsp;<\/p>\n<p>&nbsp;<\/p>\n<p>&nbsp;<\/p>\n","protected":false},"author":2,"featured_media":5617,"comment_status":"closed","ping_status":"closed","template":"","tags":[],"categoria_noticias":[],"class_list":["post-15932","noticias","type-noticias","status-publish","has-post-thumbnail","hentry"],"acf":[],"mb":[],"mfb_rest_fields":["title","gutenberg_elementor_mode"],"_links":{"self":[{"href":"https:\/\/portal.fgeo.gob.mx\/index.php\/wp-json\/wp\/v2\/noticias\/15932","targetHints":{"allow":["GET"]}}],"collection":[{"href":"https:\/\/portal.fgeo.gob.mx\/index.php\/wp-json\/wp\/v2\/noticias"}],"about":[{"href":"https:\/\/portal.fgeo.gob.mx\/index.php\/wp-json\/wp\/v2\/types\/noticias"}],"author":[{"embeddable":true,"href":"https:\/\/portal.fgeo.gob.mx\/index.php\/wp-json\/wp\/v2\/users\/2"}],"replies":[{"embeddable":true,"href":"https:\/\/portal.fgeo.gob.mx\/index.php\/wp-json\/wp\/v2\/comments?post=15932"}],"wp:featuredmedia":[{"embeddable":true,"href":"https:\/\/portal.fgeo.gob.mx\/index.php\/wp-json\/wp\/v2\/media\/5617"}],"wp:attachment":[{"href":"https:\/\/portal.fgeo.gob.mx\/index.php\/wp-json\/wp\/v2\/media?parent=15932"}],"wp:term":[{"taxonomy":"post_tag","embeddable":true,"href":"https:\/\/portal.fgeo.gob.mx\/index.php\/wp-json\/wp\/v2\/tags?post=15932"},{"taxonomy":"categoria_noticias","embeddable":true,"href":"https:\/\/portal.fgeo.gob.mx\/index.php\/wp-json\/wp\/v2\/categoria_noticias?post=15932"}],"curies":[{"name":"wp","href":"https:\/\/api.w.org\/{rel}","templated":true}]}}