{"id":15931,"date":"2024-01-05T17:34:31","date_gmt":"2024-01-05T23:34:31","guid":{"rendered":"https:\/\/fge.oaxaca.gob.mx\/?post_type=noticias&amp;p=5642"},"modified":"2024-01-05T17:34:31","modified_gmt":"2024-01-05T23:34:31","slug":"fiscalia-de-oaxaca-obtiene-prision-preventiva-y-vinculacion-a-proceso-contra-imputado-por-pederastia-equiparado-a-la-violacion-agravada-y-violacion-agravada-en-agravio-su-hija","status":"publish","type":"noticias","link":"https:\/\/portal.fgeo.gob.mx\/index.php\/archivos\/noticias\/fiscalia-de-oaxaca-obtiene-prision-preventiva-y-vinculacion-a-proceso-contra-imputado-por-pederastia-equiparado-a-la-violacion-agravada-y-violacion-agravada-en-agravio-su-hija","title":{"rendered":"Fiscal\u00eda de Oaxaca obtiene prisi\u00f3n preventiva y vinculaci\u00f3n a proceso contra imputado por Pederastia, Equiparado a la Violaci\u00f3n Agravada y Violaci\u00f3n Agravada, en agravio su hija"},"content":{"rendered":"<p><strong><img decoding=\"async\" class=\"alignnone size-medium wp-image-5617\" src=\"https:\/\/portal.fgeo.gob.mx\/wp-content\/uploads\/2023\/12\/fiscalia-informa-1-300x150.jpeg\" alt=\"\" width=\"300\" height=\"150\" \/><\/strong><\/p>\n<p><strong>\u00a0<\/strong><\/p>\n<p><strong>\u00a0<\/strong><\/p>\n<p><strong>Oaxaca de Ju\u00e1rez, Oax., a 5 de enero de 2024.- <\/strong>Derivado del trabajo ministerial en materia de violencia sexual contra las infancias, la Fiscal\u00eda General del Estado de Oaxaca (FGEO) realiza una investigaci\u00f3n por la que obtuvo auto de vinculaci\u00f3n a proceso y prisi\u00f3n preventiva en contra de M. A. G. M., imputado por los delitos de Pederastia, Equiparado a la Violaci\u00f3n Agravada y Violaci\u00f3n Agravada, cometido en agravio de una ni\u00f1a en la regi\u00f3n de los Valles Centrales.<\/p>\n<p>&nbsp;<\/p>\n<p>De acuerdo con lo asentado en el expediente penal, los hechos ocurrieron en diferentes fechas, entre febrero de 2022 y noviembre de 2023, es decir, desde que la v\u00edctima ten\u00eda 10 a\u00f1os y hasta que tuvo 12, cuando sufri\u00f3 diferentes agresiones sexuales.<\/p>\n<p>&nbsp;<\/p>\n<p><img fetchpriority=\"high\" decoding=\"async\" class=\"alignnone size-medium wp-image-5643\" src=\"https:\/\/portal.fgeo.gob.mx\/wp-content\/uploads\/2024\/01\/BOLET%C3%8DN-541-Fiscal%C3%ADa-de-Oaxaca-obtiene-prisi%C3%B3n-preventiva-y-vinculaci%C3%B3n-a-proceso-contra-imputado-por-Pederastia-Equiparado-a-la-Violaci%C3%B3n-Agravada-y-Violaci%C3%B3n-Agravada-en-agravio-su-hija_page-0001-232x300.jpg\" alt=\"\" width=\"232\" height=\"300\" \/><\/p>\n<p>&nbsp;<\/p>\n<p>Los hechos ocurrieron en un domicilio particular localizado en la colonia Cieneguita, perteneciente al municipio de Cuil\u00e1pam de Guerrero, conductas por cuya responsabilidad, la v\u00edctima hizo el se\u00f1alamiento de su padre.<\/p>\n<p>&nbsp;<\/p>\n<p>Cuando la FGEO tom\u00f3 conocimiento del caso, inici\u00f3 las investigaciones correspondientes a trav\u00e9s de la Fiscal\u00eda Especializada para la Atenci\u00f3n a Delitos Contra la Mujer por Raz\u00f3n de G\u00e9nero que, luego de ordenar los trabajos m\u00e9dicos periciales estableci\u00f3 diferentes afectaciones tanto f\u00edsicas como psicol\u00f3gicas que padece la v\u00edctima, adem\u00e1s que reuni\u00f3 las pruebas suficientes para obtener una orden de aprehensi\u00f3n.<\/p>\n<p>&nbsp;<\/p>\n<p>Al presentar los datos de prueba aportados por el Ministerio P\u00fablico, fueron evaluados por el Juez que atiende la causa, quien determin\u00f3 dictar auto de vinculaci\u00f3n a proceso en contra de M. A. G. M., a quien impuso prisi\u00f3n preventiva por los delitos de Pederastia, Equiparado a la Violaci\u00f3n Agravada y Violaci\u00f3n Agravada, adem\u00e1s que otorg\u00f3 dos meses para el cierre de la investigaci\u00f3n complementaria.<\/p>\n<p>&nbsp;<\/p>\n<p>La Fiscal\u00eda de Oaxaca tiene entre sus ejes rectores garantizar una vida libre de violencia para ni\u00f1as, ni\u00f1os y adolescentes, a trav\u00e9s de los mecanismos de procuraci\u00f3n de justicia que est\u00e1n a cargo de \u00e1reas especializadas y bien capacitadas para este tipo de labores.<\/p>\n","protected":false},"author":2,"featured_media":5617,"comment_status":"closed","ping_status":"closed","template":"","tags":[],"categoria_noticias":[],"class_list":["post-15931","noticias","type-noticias","status-publish","has-post-thumbnail","hentry"],"acf":[],"mb":[],"mfb_rest_fields":["title","gutenberg_elementor_mode"],"_links":{"self":[{"href":"https:\/\/portal.fgeo.gob.mx\/index.php\/wp-json\/wp\/v2\/noticias\/15931","targetHints":{"allow":["GET"]}}],"collection":[{"href":"https:\/\/portal.fgeo.gob.mx\/index.php\/wp-json\/wp\/v2\/noticias"}],"about":[{"href":"https:\/\/portal.fgeo.gob.mx\/index.php\/wp-json\/wp\/v2\/types\/noticias"}],"author":[{"embeddable":true,"href":"https:\/\/portal.fgeo.gob.mx\/index.php\/wp-json\/wp\/v2\/users\/2"}],"replies":[{"embeddable":true,"href":"https:\/\/portal.fgeo.gob.mx\/index.php\/wp-json\/wp\/v2\/comments?post=15931"}],"wp:featuredmedia":[{"embeddable":true,"href":"https:\/\/portal.fgeo.gob.mx\/index.php\/wp-json\/wp\/v2\/media\/5617"}],"wp:attachment":[{"href":"https:\/\/portal.fgeo.gob.mx\/index.php\/wp-json\/wp\/v2\/media?parent=15931"}],"wp:term":[{"taxonomy":"post_tag","embeddable":true,"href":"https:\/\/portal.fgeo.gob.mx\/index.php\/wp-json\/wp\/v2\/tags?post=15931"},{"taxonomy":"categoria_noticias","embeddable":true,"href":"https:\/\/portal.fgeo.gob.mx\/index.php\/wp-json\/wp\/v2\/categoria_noticias?post=15931"}],"curies":[{"name":"wp","href":"https:\/\/api.w.org\/{rel}","templated":true}]}}