{"id":15930,"date":"2024-01-04T16:30:10","date_gmt":"2024-01-04T22:30:10","guid":{"rendered":"https:\/\/fge.oaxaca.gob.mx\/?post_type=noticias&amp;p=5638"},"modified":"2024-01-04T16:30:10","modified_gmt":"2024-01-04T22:30:10","slug":"boletin-540-fgeo-detiene-a-dos-personas-tras-agresion-a-elementos-de-la-aei-en-san-jacinto-amilpas","status":"publish","type":"noticias","link":"https:\/\/portal.fgeo.gob.mx\/index.php\/archivos\/noticias\/boletin-540-fgeo-detiene-a-dos-personas-tras-agresion-a-elementos-de-la-aei-en-san-jacinto-amilpas","title":{"rendered":"BOLET\u00cdN 540 &#8211; FGEO detiene a dos personas tras agresi\u00f3n a elementos de la AEI en San Jacinto Amilpas"},"content":{"rendered":"<p style=\"font-weight: 400\"><img fetchpriority=\"high\" decoding=\"async\" class=\"alignnone size-medium wp-image-5640\" src=\"https:\/\/portal.fgeo.gob.mx\/wp-content\/uploads\/2024\/01\/operativo-san-jacinto-amilpas-300x169.jpeg\" alt=\"\" width=\"300\" height=\"169\" \/><\/p>\n<p style=\"font-weight: 400\"><strong>Oaxaca de Ju\u00e1rez, Oax., a 04 de enero de 2024 .-<\/strong>Derivado de acciones de investigaci\u00f3n e inteligencia y a la reacci\u00f3n inmediata, la Fiscal\u00eda General del Estado de Oaxaca (FGEO) detuvo a dos personas adolescentes por la probable participaci\u00f3n en la comisi\u00f3n de diferentes delitos, adem\u00e1s que se efect\u00faan las labores para determinar si est\u00e1n relacionadas con la agresi\u00f3n a balazos cometida en contra de elementos de la Agencia Estatal de Investigaciones que trabajaban en la zona, hechos que ocurrieron en la regi\u00f3n de Valles Centrales.<\/p>\n<p style=\"font-weight: 400\">Durante un operativo efectuado en el municipio de San Jacinto Amilpas, elementos de la Agencia Estatal de Investigaciones aseguraron a dos personas adolescentes (un hombre y una mujer), a quienes detuvieron como resultado de este despliegue policial durante el cual, dispararon en contra de los elementos, acci\u00f3n por la cual resultaron ilesos.<\/p>\n<p style=\"font-weight: 400\"><img decoding=\"async\" class=\"alignnone size-medium wp-image-5641\" src=\"https:\/\/portal.fgeo.gob.mx\/wp-content\/uploads\/2024\/01\/operativo-san-jacinto-amilpas1-300x169.jpeg\" alt=\"\" width=\"300\" height=\"169\" \/><\/p>\n<p style=\"font-weight: 400\">Tras el ataque armado se fortaleci\u00f3 e intensific\u00f3 el operativo por el que se logr\u00f3 el aseguramiento de las personas antes citadas, quienes fueron puestas a disposici\u00f3n del Agente del Ministerio P\u00fablico adscrito a la Fiscal\u00eda Especializada para la Atenci\u00f3n a Delitos de Alto Impacto, para determinar su situaci\u00f3n jur\u00eddica en las pr\u00f3ximas horas.<\/p>\n<p style=\"font-weight: 400\">La Fiscal\u00eda General del Estado realiza continuamente actividades de inteligencia e investigaci\u00f3n para poder combatir en forma m\u00e1s efectiva el delito, pues uno de los objetivos prioritarios del organismo es la reducci\u00f3n de la incidencia delictiva, por ello, este tipo de agresiones mientras se llevan a cabo este tipo de actividades no deben quedar sin castigo.<\/p>\n<p style=\"font-weight: 400\">\u00a0<img decoding=\"async\" class=\"alignnone size-medium wp-image-5639\" src=\"https:\/\/portal.fgeo.gob.mx\/wp-content\/uploads\/2024\/01\/BOLET%C3%8DN-540-FGEO-detiene-a-dos-personas-tras-agresi%C3%B3n-a-elementos-de-la-AEI-en-San-Jacinto-Amilpas_page-0001-232x300.jpg\" alt=\"\" width=\"232\" height=\"300\" \/><\/p>\n","protected":false},"author":2,"featured_media":5617,"comment_status":"closed","ping_status":"closed","template":"","tags":[],"categoria_noticias":[],"class_list":["post-15930","noticias","type-noticias","status-publish","has-post-thumbnail","hentry"],"acf":[],"mb":[],"mfb_rest_fields":["title","gutenberg_elementor_mode"],"_links":{"self":[{"href":"https:\/\/portal.fgeo.gob.mx\/index.php\/wp-json\/wp\/v2\/noticias\/15930","targetHints":{"allow":["GET"]}}],"collection":[{"href":"https:\/\/portal.fgeo.gob.mx\/index.php\/wp-json\/wp\/v2\/noticias"}],"about":[{"href":"https:\/\/portal.fgeo.gob.mx\/index.php\/wp-json\/wp\/v2\/types\/noticias"}],"author":[{"embeddable":true,"href":"https:\/\/portal.fgeo.gob.mx\/index.php\/wp-json\/wp\/v2\/users\/2"}],"replies":[{"embeddable":true,"href":"https:\/\/portal.fgeo.gob.mx\/index.php\/wp-json\/wp\/v2\/comments?post=15930"}],"wp:featuredmedia":[{"embeddable":true,"href":"https:\/\/portal.fgeo.gob.mx\/index.php\/wp-json\/wp\/v2\/media\/5617"}],"wp:attachment":[{"href":"https:\/\/portal.fgeo.gob.mx\/index.php\/wp-json\/wp\/v2\/media?parent=15930"}],"wp:term":[{"taxonomy":"post_tag","embeddable":true,"href":"https:\/\/portal.fgeo.gob.mx\/index.php\/wp-json\/wp\/v2\/tags?post=15930"},{"taxonomy":"categoria_noticias","embeddable":true,"href":"https:\/\/portal.fgeo.gob.mx\/index.php\/wp-json\/wp\/v2\/categoria_noticias?post=15930"}],"curies":[{"name":"wp","href":"https:\/\/api.w.org\/{rel}","templated":true}]}}