{"id":15926,"date":"2023-12-29T18:16:45","date_gmt":"2023-12-30T00:16:45","guid":{"rendered":"https:\/\/fge.oaxaca.gob.mx\/?post_type=noticias&amp;p=5629"},"modified":"2023-12-29T18:16:45","modified_gmt":"2023-12-30T00:16:45","slug":"boletin-535-fiscalia-de-oaxaca-en-colaboracion-con-fiscalia-de-tamaulipas-da-con-el-paradero-de-dos-adolescentes-reportados-como-no-localizados","status":"publish","type":"noticias","link":"https:\/\/portal.fgeo.gob.mx\/index.php\/archivos\/noticias\/boletin-535-fiscalia-de-oaxaca-en-colaboracion-con-fiscalia-de-tamaulipas-da-con-el-paradero-de-dos-adolescentes-reportados-como-no-localizados","title":{"rendered":"BOLET\u00cdN 535 &#8211; Fiscal\u00eda de Oaxaca, en colaboraci\u00f3n con Fiscal\u00eda de Tamaulipas, da con el paradero de dos adolescentes reportados como No Localizados"},"content":{"rendered":"<p><strong>Oaxaca de Ju\u00e1rez, Oax., a 29 de diciembre de 2023.-<\/strong>\u00a0El trabajo efectivo que realizan las \u00e1reas especializadas en personas no localizadas de la Fiscal\u00eda General del Estado de Oaxaca (FGEO), as\u00ed como la estrecha colaboraci\u00f3n interinstitucional con la Fiscal\u00eda General de Justicia del Estado de Tamaulipas, hicieron posible la localizaci\u00f3n de dos adolescentes originarios de la regi\u00f3n triqui de nuestro estado, quienes estaban en dicha entidad del norte del pa\u00eds.<\/p>\n<p>El 24 de diciembre de 2023, los adolescentes A. A. N. (12 a\u00f1os) y J. A. N. (16 a\u00f1os) fueron vistos por \u00faltima vez en la poblaci\u00f3n de Santa Mar\u00eda Zacatepec, perteneciente al Distrito de Putla, cuando se dirig\u00edan a casa de un familiar, pero no llegaron a su destino.<\/p>\n<p>A partir de la denuncia que se interpuso ante la FGEO, se dio intervenci\u00f3n a la Unidad de B\u00fasqueda de Personas No Localizadas de la Vicefiscal\u00eda General de Atenci\u00f3n a V\u00edctimas y a la Sociedad, que se encarg\u00f3 de iniciar las investigaciones al respecto, as\u00ed como de la activaci\u00f3n de la Alerta Amber para fortalecer los trabajos ministeriales.<\/p>\n<p>Como resultado de las labores en materia de b\u00fasqueda y localizaci\u00f3n de personas, la Fiscal\u00eda de Oaxaca logr\u00f3 establecer que ambos adolescentes estaban en Tamaulipas, por lo que se hizo la solicitud formal para la colaboraci\u00f3n con la Fiscal\u00eda General de Justicia de ese estado, lo cual hizo posible su resguardo, adem\u00e1s que se iniciaron los tr\u00e1mites para su traslado de regreso a Oaxaca, para su certificaci\u00f3n y posterior restituci\u00f3n con su familia.<\/p>\n<p>La denuncia es parte prioritaria y fundamental dentro de los procesos de investigaci\u00f3n y b\u00fasqueda de personas no localizadas que efect\u00faa la Fiscal\u00eda General del Justicia del Estado, a trav\u00e9s de las \u00e1reas especializadas.<\/p>\n<p><img fetchpriority=\"high\" decoding=\"async\" class=\"alignnone size-medium wp-image-5630\" src=\"https:\/\/portal.fgeo.gob.mx\/wp-content\/uploads\/2023\/12\/BOLET%C3%8DN-535-Fiscal%C3%ADa-de-Oaxaca-en-colaboraci%C3%B3n-con-Fiscal%C3%ADa-de-Tamaulipas-da-con-el-paradero-de-dos-adolescentes-reportados-como-No-Localizados-223x300.jpeg\" alt=\"\" width=\"223\" height=\"300\" \/> <img decoding=\"async\" class=\"alignnone size-medium wp-image-5631\" src=\"https:\/\/portal.fgeo.gob.mx\/wp-content\/uploads\/2023\/12\/BOLET%C3%8DN-535-Fiscal%C3%ADa-de-Oaxaca-en-colaboraci%C3%B3n-con-Fiscal%C3%ADa-de-Tamaulipas-da-con-el-paradero-de-dos-adolescentes-reportados-como-No-Localizados2-223x300.jpeg\" alt=\"\" width=\"223\" height=\"300\" \/><\/p>\n","protected":false},"author":2,"featured_media":5617,"comment_status":"closed","ping_status":"closed","template":"","tags":[],"categoria_noticias":[],"class_list":["post-15926","noticias","type-noticias","status-publish","has-post-thumbnail","hentry"],"acf":[],"mb":[],"mfb_rest_fields":["title","gutenberg_elementor_mode"],"_links":{"self":[{"href":"https:\/\/portal.fgeo.gob.mx\/index.php\/wp-json\/wp\/v2\/noticias\/15926","targetHints":{"allow":["GET"]}}],"collection":[{"href":"https:\/\/portal.fgeo.gob.mx\/index.php\/wp-json\/wp\/v2\/noticias"}],"about":[{"href":"https:\/\/portal.fgeo.gob.mx\/index.php\/wp-json\/wp\/v2\/types\/noticias"}],"author":[{"embeddable":true,"href":"https:\/\/portal.fgeo.gob.mx\/index.php\/wp-json\/wp\/v2\/users\/2"}],"replies":[{"embeddable":true,"href":"https:\/\/portal.fgeo.gob.mx\/index.php\/wp-json\/wp\/v2\/comments?post=15926"}],"wp:featuredmedia":[{"embeddable":true,"href":"https:\/\/portal.fgeo.gob.mx\/index.php\/wp-json\/wp\/v2\/media\/5617"}],"wp:attachment":[{"href":"https:\/\/portal.fgeo.gob.mx\/index.php\/wp-json\/wp\/v2\/media?parent=15926"}],"wp:term":[{"taxonomy":"post_tag","embeddable":true,"href":"https:\/\/portal.fgeo.gob.mx\/index.php\/wp-json\/wp\/v2\/tags?post=15926"},{"taxonomy":"categoria_noticias","embeddable":true,"href":"https:\/\/portal.fgeo.gob.mx\/index.php\/wp-json\/wp\/v2\/categoria_noticias?post=15926"}],"curies":[{"name":"wp","href":"https:\/\/api.w.org\/{rel}","templated":true}]}}