{"id":15925,"date":"2023-12-28T17:03:42","date_gmt":"2023-12-28T23:03:42","guid":{"rendered":"https:\/\/fge.oaxaca.gob.mx\/?post_type=noticias&amp;p=5624"},"modified":"2023-12-28T17:03:42","modified_gmt":"2023-12-28T23:03:42","slug":"boletin-533-fiscalia-de-oaxaca-ejecuta-orden-de-aprehension-en-contra-de-imputado-por-pederastia-cometida-en-zimatlan-de-alvarez","status":"publish","type":"noticias","link":"https:\/\/portal.fgeo.gob.mx\/index.php\/archivos\/noticias\/boletin-533-fiscalia-de-oaxaca-ejecuta-orden-de-aprehension-en-contra-de-imputado-por-pederastia-cometida-en-zimatlan-de-alvarez","title":{"rendered":"BOLET\u00cdN 533 -Fiscal\u00eda de Oaxaca ejecuta orden de aprehensi\u00f3n en contra de imputado por pederastia cometida en Zimatl\u00e1n de \u00c1lvarez"},"content":{"rendered":"<p><strong>Oaxaca de Ju\u00e1rez, Oax., a 28 de diciembre de 2023.-<\/strong>\u00a0La importancia de la denuncia por parte de las v\u00edctimas y la actuaci\u00f3n expedita de la Fiscal\u00eda General del Estado de Oaxaca (FGEO), fue clave para la ejecuci\u00f3n de una orden de aprehensi\u00f3n por la cual fue detenido A. A. O., por el delito de Pederastia, cometido en la regi\u00f3n de los Valles Centrales.<\/p>\n<p>De acuerdo con el expediente penal del caso, los hechos ocurrieron en diferentes ocasiones entre el 28 de noviembre y el primero de diciembre de 2023, en un domicilio ubicado en el Barrio San Jos\u00e9, perteneciente al municipio de Zimatl\u00e1n de \u00c1lvarez.<\/p>\n<p>En esas fechas, el agresor tuvo una conducta il\u00edcita que se configura en el delito de Pederastia, al agredir sexualmente a un adolescente de 13 a\u00f1os de edad (de quien su identidad est\u00e1 reservada por ley); quien decidi\u00f3 acudir ante el Ministerio P\u00fablico para denunciar estos actos.<\/p>\n<p>Cuando la Fiscal\u00eda de Oaxaca tuvo conocimiento, inici\u00f3 las investigaciones ministeriales que corrieron a cargo de la Comandancia Especializada en Atenci\u00f3n a V\u00edctimas por Raz\u00f3n de G\u00e9nero en Valles Centrales perteneciente a la Agencia Estatal de Investigaciones, que luego de obtener la orden de aprehensi\u00f3n, se enfocaron a las labores de b\u00fasqueda y localizaci\u00f3n las cuales permitieron dar con el paradero del imputado.<\/p>\n<p>Tras la detenci\u00f3n de A. A. O., este fue llevado al Instituto de Servicio Periciales para su certificaci\u00f3n m\u00e9dica y enseguida qued\u00f3 a disposici\u00f3n de la autoridad correspondiente que resolver\u00e1 su situaci\u00f3n jur\u00eddica en las pr\u00f3ximas horas.<\/p>\n<p>Uno de los ejes rectores de la Fiscal\u00eda de Oaxaca es la atenci\u00f3n prioritaria a delitos cometidos en agravio de ni\u00f1as, ni\u00f1os y adolescentes, para garantizar su derecho a tener una vida libre de cualquier tipo de violencia.<\/p>\n<p><img fetchpriority=\"high\" decoding=\"async\" class=\"alignnone size-medium wp-image-5626\" src=\"https:\/\/portal.fgeo.gob.mx\/wp-content\/uploads\/2023\/12\/BOLET%C3%8DN-533-Fiscal%C3%ADa-de-Oaxaca-ejecuta-orden-de-aprehensi%C3%B3n-en-contra-de-imputado-por-pederastia-cometida-en-Zimatl%C3%A1n-de-%C3%81lvarez_page-0001-1-232x300.jpg\" alt=\"\" width=\"232\" height=\"300\" \/><\/p>\n<p>&nbsp;<\/p>\n","protected":false},"author":2,"featured_media":5617,"comment_status":"closed","ping_status":"closed","template":"","tags":[],"categoria_noticias":[],"class_list":["post-15925","noticias","type-noticias","status-publish","has-post-thumbnail","hentry"],"acf":[],"mb":[],"mfb_rest_fields":["title","gutenberg_elementor_mode"],"_links":{"self":[{"href":"https:\/\/portal.fgeo.gob.mx\/index.php\/wp-json\/wp\/v2\/noticias\/15925","targetHints":{"allow":["GET"]}}],"collection":[{"href":"https:\/\/portal.fgeo.gob.mx\/index.php\/wp-json\/wp\/v2\/noticias"}],"about":[{"href":"https:\/\/portal.fgeo.gob.mx\/index.php\/wp-json\/wp\/v2\/types\/noticias"}],"author":[{"embeddable":true,"href":"https:\/\/portal.fgeo.gob.mx\/index.php\/wp-json\/wp\/v2\/users\/2"}],"replies":[{"embeddable":true,"href":"https:\/\/portal.fgeo.gob.mx\/index.php\/wp-json\/wp\/v2\/comments?post=15925"}],"wp:featuredmedia":[{"embeddable":true,"href":"https:\/\/portal.fgeo.gob.mx\/index.php\/wp-json\/wp\/v2\/media\/5617"}],"wp:attachment":[{"href":"https:\/\/portal.fgeo.gob.mx\/index.php\/wp-json\/wp\/v2\/media?parent=15925"}],"wp:term":[{"taxonomy":"post_tag","embeddable":true,"href":"https:\/\/portal.fgeo.gob.mx\/index.php\/wp-json\/wp\/v2\/tags?post=15925"},{"taxonomy":"categoria_noticias","embeddable":true,"href":"https:\/\/portal.fgeo.gob.mx\/index.php\/wp-json\/wp\/v2\/categoria_noticias?post=15925"}],"curies":[{"name":"wp","href":"https:\/\/api.w.org\/{rel}","templated":true}]}}