{"id":15924,"date":"2023-12-28T11:13:38","date_gmt":"2023-12-28T17:13:38","guid":{"rendered":"https:\/\/fge.oaxaca.gob.mx\/?post_type=noticias&amp;p=5621"},"modified":"2023-12-28T11:13:38","modified_gmt":"2023-12-28T17:13:38","slug":"boletin-532-fgeo-obtiene-sentencia-de-36-anos-de-prision-contra-responsable-de-violacion-de-una-nina-cometido-en-la-costa","status":"publish","type":"noticias","link":"https:\/\/portal.fgeo.gob.mx\/index.php\/archivos\/noticias\/boletin-532-fgeo-obtiene-sentencia-de-36-anos-de-prision-contra-responsable-de-violacion-de-una-nina-cometido-en-la-costa","title":{"rendered":"BOLET\u00cdN 532- FGEO obtiene sentencia de 36 a\u00f1os de prisi\u00f3n contra responsable de violaci\u00f3n de una ni\u00f1a cometido en la Costa"},"content":{"rendered":"<p><strong>Oaxaca de Ju\u00e1rez, Oax., a 28 de diciembre de 2023.-<\/strong>\u00a0Gracias al trabajo en materia de delitos contra la mujer por raz\u00f3n de g\u00e9nero que efect\u00faan las \u00e1reas especializadas de la Fiscal\u00eda General del Estado de Oaxaca (FGEO) se obtuvo una sentencia condenatoria de 36 a\u00f1os de prisi\u00f3n en contra de D. S. S. L., responsable en la comisi\u00f3n de los delitos de Violaci\u00f3n Equiparada Agravada Continua y Tentativa de Violaci\u00f3n Agravada, en agravio de una ni\u00f1a, hechos ocurridos la regi\u00f3n de la Costa.<\/p>\n<p>De acuerdo con lo asentado en el expediente penal del caso, la v\u00edctima (cuya identidad est\u00e1 reservada por ley debido a que es menor de edad) fue agredida de manera sexual en diferentes fechas, desde que ten\u00edas 6 a\u00f1os de edad y hasta que cumpli\u00f3 los 15, hechos que ocurrieron en distintas locaciones pero dentro del municipio de Santa Mar\u00eda Colotepec.<\/p>\n<p>La v\u00edctima acudi\u00f3 ante el Ministerio P\u00fablico de la FGEO para denunciar las agresiones que se configuran en delitos sexuales, por lo que la Vicefiscal\u00eda Regional de la Costa atrajo el caso a trav\u00e9s de la Unidad Operativa de Investigaci\u00f3n de Delitos Cometidos Contra la Mujer Por Raz\u00f3n De G\u00e9nero, que reuni\u00f3 las pruebas suficientes para llevar al imputado a proceso penal.<\/p>\n<p>Derivado de los trabajos de investigaci\u00f3n a cargo de la Fiscal\u00eda General, el Juez que atiende la causa tuvo los elementos jur\u00eddicos necesarios para dictar sentencia condenatoria en contra de D. S. S. L., a quien impuso la pena de 36 a\u00f1os de prisi\u00f3n por su responsabilidad en la comisi\u00f3n de los delitos de Violaci\u00f3n Equiparada Agravada Continua y Tentativa de Violaci\u00f3n Agravada, as\u00ed como el pago de la reparaci\u00f3n del da\u00f1o.<\/p>\n<p>Las \u00e1reas de la Fiscal\u00eda de Oaxaca que se enfocan en la atenci\u00f3n a delitos contra la mujer por raz\u00f3n de g\u00e9nero brindan atenci\u00f3n integral y acompa\u00f1amiento durante todo el proceso para que las v\u00edctimas directas e indirectas tengan pleno acceso a la justicia.<\/p>\n<p><img fetchpriority=\"high\" decoding=\"async\" class=\"alignnone size-medium wp-image-5622\" src=\"https:\/\/portal.fgeo.gob.mx\/wp-content\/uploads\/2023\/12\/BOLET%C3%8DN-532-FGEO-obtiene-sentencia-de-36-a%C3%B1os-de-prisi%C3%B3n-contra-responsable-de-violaci%C3%B3n-de-una-ni%C3%B1a-cometido-en-la-Costa_page-0001-232x300.jpg\" alt=\"\" width=\"232\" height=\"300\" \/><\/p>\n","protected":false},"author":2,"featured_media":5617,"comment_status":"closed","ping_status":"closed","template":"","tags":[],"categoria_noticias":[],"class_list":["post-15924","noticias","type-noticias","status-publish","has-post-thumbnail","hentry"],"acf":[],"mb":[],"mfb_rest_fields":["title","gutenberg_elementor_mode"],"_links":{"self":[{"href":"https:\/\/portal.fgeo.gob.mx\/index.php\/wp-json\/wp\/v2\/noticias\/15924","targetHints":{"allow":["GET"]}}],"collection":[{"href":"https:\/\/portal.fgeo.gob.mx\/index.php\/wp-json\/wp\/v2\/noticias"}],"about":[{"href":"https:\/\/portal.fgeo.gob.mx\/index.php\/wp-json\/wp\/v2\/types\/noticias"}],"author":[{"embeddable":true,"href":"https:\/\/portal.fgeo.gob.mx\/index.php\/wp-json\/wp\/v2\/users\/2"}],"replies":[{"embeddable":true,"href":"https:\/\/portal.fgeo.gob.mx\/index.php\/wp-json\/wp\/v2\/comments?post=15924"}],"wp:featuredmedia":[{"embeddable":true,"href":"https:\/\/portal.fgeo.gob.mx\/index.php\/wp-json\/wp\/v2\/media\/5617"}],"wp:attachment":[{"href":"https:\/\/portal.fgeo.gob.mx\/index.php\/wp-json\/wp\/v2\/media?parent=15924"}],"wp:term":[{"taxonomy":"post_tag","embeddable":true,"href":"https:\/\/portal.fgeo.gob.mx\/index.php\/wp-json\/wp\/v2\/tags?post=15924"},{"taxonomy":"categoria_noticias","embeddable":true,"href":"https:\/\/portal.fgeo.gob.mx\/index.php\/wp-json\/wp\/v2\/categoria_noticias?post=15924"}],"curies":[{"name":"wp","href":"https:\/\/api.w.org\/{rel}","templated":true}]}}