{"id":15922,"date":"2023-12-27T12:56:33","date_gmt":"2023-12-27T18:56:33","guid":{"rendered":"https:\/\/fge.oaxaca.gob.mx\/?post_type=noticias&amp;p=5615"},"modified":"2023-12-27T12:56:33","modified_gmt":"2023-12-27T18:56:33","slug":"ejecuta-fgeo-orden-de-aprehension-contra-objetivo-prioritario-por-homicidio-cometido-en-la-zona-de-san-martin-mexicapan","status":"publish","type":"noticias","link":"https:\/\/portal.fgeo.gob.mx\/index.php\/archivos\/noticias\/ejecuta-fgeo-orden-de-aprehension-contra-objetivo-prioritario-por-homicidio-cometido-en-la-zona-de-san-martin-mexicapan","title":{"rendered":"Ejecuta FGEO orden de aprehensi\u00f3n contra objetivo prioritario, por homicidio cometido en la zona de San Mart\u00edn Mexicapan  \u00a0"},"content":{"rendered":"<p style=\"font-weight: 400\">\n<p style=\"font-weight: 400\"><strong>\u00a0<img decoding=\"async\" class=\"alignnone size-medium wp-image-5617\" src=\"https:\/\/portal.fgeo.gob.mx\/wp-content\/uploads\/2023\/12\/fiscalia-informa-1-300x150.jpeg\" alt=\"\" width=\"300\" height=\"150\" \/><\/strong><\/p>\n<p style=\"font-weight: 400\"><strong>Oaxaca de Ju\u00e1rez, Oax., a 24 de diciembre de 2023.-\u00a0<\/strong>La Fiscal\u00eda General del Estado de Oaxaca (FGEO)\u00a0 ejecut\u00f3 una orden de aprehensi\u00f3n en contra de un objetivo prioritario en la regi\u00f3n de Valles Centrales, la persona del sexo masculino identificada como L.E.L.C., imputada por el delito de homicidio calificado con ventaja.<\/p>\n<p style=\"font-weight: 400\">\n<p style=\"font-weight: 400\">De acuerdo con el expediente penal, los hechos ocurrieron el 2 de septiembre de 2023, en la colonia Azucenas, en la agencia de San Mart\u00edn Mexicapan, perteneciente al municipio de Oaxaca de Ju\u00e1rez, en donde la v\u00edctima, identificada como N.R.H.M, fue agredida a balazos, resultando con lesiones graves por las que perdi\u00f3 la vida el 9 de septiembre de 2023, mientras estaba internado en el hospital.<\/p>\n<p style=\"font-weight: 400\">\n<p style=\"font-weight: 400\"><img fetchpriority=\"high\" decoding=\"async\" class=\"alignnone size-medium wp-image-5616\" src=\"https:\/\/portal.fgeo.gob.mx\/wp-content\/uploads\/2023\/12\/BOLET%C3%8DN-530-Ejecuta-FGEO-orden-de-aprehensi%C3%B3n-contra-objetivo-prioritario-por-homicidio-cometido-en-la-zona-de-San-Mart%C3%ADn-Mexicapan-225x300.jpeg\" alt=\"\" width=\"225\" height=\"300\" \/><\/p>\n<p style=\"font-weight: 400\">\n<p style=\"font-weight: 400\">Al tener conocimiento de estos hechos, la Fiscal\u00eda General, a trav\u00e9s de la Fiscal\u00eda Especializada para la Atenci\u00f3n a Delitos de Alto impacto, despleg\u00f3 un equipo multidisciplinario para efectuar los trabajos de investigaci\u00f3n correspondientes.<\/p>\n<p style=\"font-weight: 400\">\n<p style=\"font-weight: 400\">Como resultado de las labores ministeriales la FGEO se logr\u00f3 la obtenci\u00f3n de la orden de aprehensi\u00f3n correspondiente, la cual fue ejecutada por elementos de la Agencia Estatal de Investigaciones que lograron su detenci\u00f3n, por lo que el imputado fue trasladado ante la autoridad ministerial correspondiente para determinar su situaci\u00f3n jur\u00eddica en las pr\u00f3ximas horas.<\/p>\n<p style=\"font-weight: 400\">\n<p style=\"font-weight: 400\"><img decoding=\"async\" class=\"alignnone size-medium wp-image-5618\" src=\"https:\/\/portal.fgeo.gob.mx\/wp-content\/uploads\/2023\/12\/BOLET%C3%8DN-530-Ejecuta-FGEO-orden-de-aprehensi%C3%B3n-contra-objetivo-prioritario-por-homicidio-cometido-en-la-zona-de-San-Mart%C3%ADn-Mexicapan_page-0001-1-232x300.jpg\" alt=\"\" width=\"232\" height=\"300\" \/><\/p>\n<p style=\"font-weight: 400\">\n<p style=\"font-weight: 400\">El fortalecimiento de los procesos de investigaci\u00f3n por medio de m\u00e9todos cient\u00edficos y el trabajo multidisciplinario permiten que la Fiscal\u00eda de Oaxaca realice acciones asertivas que permitan atender en forma m\u00e1s eficiente los procesos de procuraci\u00f3n de justicia y brindar mejores resultados.<\/p>\n","protected":false},"author":2,"featured_media":5617,"comment_status":"closed","ping_status":"closed","template":"","tags":[],"categoria_noticias":[],"class_list":["post-15922","noticias","type-noticias","status-publish","has-post-thumbnail","hentry"],"acf":[],"mb":[],"mfb_rest_fields":["title","gutenberg_elementor_mode"],"_links":{"self":[{"href":"https:\/\/portal.fgeo.gob.mx\/index.php\/wp-json\/wp\/v2\/noticias\/15922","targetHints":{"allow":["GET"]}}],"collection":[{"href":"https:\/\/portal.fgeo.gob.mx\/index.php\/wp-json\/wp\/v2\/noticias"}],"about":[{"href":"https:\/\/portal.fgeo.gob.mx\/index.php\/wp-json\/wp\/v2\/types\/noticias"}],"author":[{"embeddable":true,"href":"https:\/\/portal.fgeo.gob.mx\/index.php\/wp-json\/wp\/v2\/users\/2"}],"replies":[{"embeddable":true,"href":"https:\/\/portal.fgeo.gob.mx\/index.php\/wp-json\/wp\/v2\/comments?post=15922"}],"wp:featuredmedia":[{"embeddable":true,"href":"https:\/\/portal.fgeo.gob.mx\/index.php\/wp-json\/wp\/v2\/media\/5617"}],"wp:attachment":[{"href":"https:\/\/portal.fgeo.gob.mx\/index.php\/wp-json\/wp\/v2\/media?parent=15922"}],"wp:term":[{"taxonomy":"post_tag","embeddable":true,"href":"https:\/\/portal.fgeo.gob.mx\/index.php\/wp-json\/wp\/v2\/tags?post=15922"},{"taxonomy":"categoria_noticias","embeddable":true,"href":"https:\/\/portal.fgeo.gob.mx\/index.php\/wp-json\/wp\/v2\/categoria_noticias?post=15922"}],"curies":[{"name":"wp","href":"https:\/\/api.w.org\/{rel}","templated":true}]}}