{"id":15921,"date":"2023-12-23T15:33:35","date_gmt":"2023-12-23T21:33:35","guid":{"rendered":"https:\/\/fge.oaxaca.gob.mx\/?post_type=noticias&amp;p=5613"},"modified":"2023-12-23T15:33:35","modified_gmt":"2023-12-23T21:33:35","slug":"boletin-529-obtiene-fiscalia-de-oaxaca-vinculacion-a-proceso-contra-imputado-por-ataque-armado-cometido-en-la-mixteca","status":"publish","type":"noticias","link":"https:\/\/portal.fgeo.gob.mx\/index.php\/archivos\/noticias\/boletin-529-obtiene-fiscalia-de-oaxaca-vinculacion-a-proceso-contra-imputado-por-ataque-armado-cometido-en-la-mixteca","title":{"rendered":"BOLET\u00cdN 529 &#8211; Obtiene Fiscal\u00eda de Oaxaca vinculaci\u00f3n a proceso contra imputado por ataque armado cometido en la Mixteca"},"content":{"rendered":"<p><strong>Oaxaca de Ju\u00e1rez, Oax., a 23 de diciembre de 2023.-<\/strong>\u00a0 La Fiscal\u00eda General del Estado de Oaxaca (FGEO) obtuvo auto de vinculaci\u00f3n a proceso en contra de una persona del sexo masculino identificada como L.R.S.T., por el delito de homicidio calificado en grado de tentativa, por hechos ocurridos en la regi\u00f3n Mixteca.<\/p>\n<p>De acuerdo con el expediente penal, los hechos se registraron el 31 de agosto de 2023, al momento en que la v\u00edctima identificada como F. A. C. viajaba a bordo de un veh\u00edculo, en compa\u00f1\u00eda de otra persona, circulaban por calles de la colonia \u201cLa Noria\u201d de Huajuapan de Le\u00f3n, cuando se atraves\u00f3 una camioneta de la que descendieron varias personas, quienes dispararon en agravio de la v\u00edctima que result\u00f3 con lesiones, mientras que su acompa\u00f1ante sali\u00f3 ileso.<\/p>\n<p>La Fiscal\u00eda, desde que tuvo conocimiento de los hechos, despleg\u00f3 a su personal multidisciplinario a trav\u00e9s de la Vicefiscal\u00eda Regional de la Mixteca, conformado por elementos de la Agencia Estatal de Investigaciones y personal del Instituto de Servicios Periciales, quienes realizaron las indagatorias correspondientes.<\/p>\n<p>Como resultado de las investigaciones ministeriales, se obtuvo una orden de aprehensi\u00f3n que fue ejecutada por la Agencia Estatales de Investigaci\u00f3n, logrando la detenci\u00f3n L.R.S.T., quien fue presentado ante el Juez que atiende la causa, que determin\u00f3 la vinculaci\u00f3n a proceso del imputado por el delito de homicidio calificado en grado de tentativa, adem\u00e1s impuso prisi\u00f3n preventiva y otorg\u00f3 dos meses para el cierre de la investigaci\u00f3n.<\/p>\n<p>La Fiscal\u00eda de Oaxaca est\u00e1 comprometida con realizar investigaciones por equipo y personal especializado que permita realizar procedimientos eficaces que brinden un adecuado acceso a la justicia a las v\u00edctimas directas e indirectas de los delitos.<\/p>\n<p><img fetchpriority=\"high\" decoding=\"async\" class=\"alignnone size-medium wp-image-5614\" src=\"https:\/\/portal.fgeo.gob.mx\/wp-content\/uploads\/2023\/12\/BOLET%C3%8DN-529-Obtiene-Fiscal%C3%ADa-de-Oaxaca-vinculaci%C3%B3n-a-proceso-contra-imputado-por-ataque-armado-cometido-en-la-Mixteca_page-0001-232x300.jpg\" alt=\"\" width=\"232\" height=\"300\" \/><\/p>\n","protected":false},"author":2,"featured_media":5497,"comment_status":"closed","ping_status":"closed","template":"","tags":[],"categoria_noticias":[],"class_list":["post-15921","noticias","type-noticias","status-publish","has-post-thumbnail","hentry"],"acf":[],"mb":[],"mfb_rest_fields":["title","gutenberg_elementor_mode"],"_links":{"self":[{"href":"https:\/\/portal.fgeo.gob.mx\/index.php\/wp-json\/wp\/v2\/noticias\/15921","targetHints":{"allow":["GET"]}}],"collection":[{"href":"https:\/\/portal.fgeo.gob.mx\/index.php\/wp-json\/wp\/v2\/noticias"}],"about":[{"href":"https:\/\/portal.fgeo.gob.mx\/index.php\/wp-json\/wp\/v2\/types\/noticias"}],"author":[{"embeddable":true,"href":"https:\/\/portal.fgeo.gob.mx\/index.php\/wp-json\/wp\/v2\/users\/2"}],"replies":[{"embeddable":true,"href":"https:\/\/portal.fgeo.gob.mx\/index.php\/wp-json\/wp\/v2\/comments?post=15921"}],"wp:featuredmedia":[{"embeddable":true,"href":"https:\/\/portal.fgeo.gob.mx\/index.php\/wp-json\/"}],"wp:attachment":[{"href":"https:\/\/portal.fgeo.gob.mx\/index.php\/wp-json\/wp\/v2\/media?parent=15921"}],"wp:term":[{"taxonomy":"post_tag","embeddable":true,"href":"https:\/\/portal.fgeo.gob.mx\/index.php\/wp-json\/wp\/v2\/tags?post=15921"},{"taxonomy":"categoria_noticias","embeddable":true,"href":"https:\/\/portal.fgeo.gob.mx\/index.php\/wp-json\/wp\/v2\/categoria_noticias?post=15921"}],"curies":[{"name":"wp","href":"https:\/\/api.w.org\/{rel}","templated":true}]}}