{"id":15920,"date":"2023-12-21T16:55:28","date_gmt":"2023-12-21T22:55:28","guid":{"rendered":"https:\/\/fge.oaxaca.gob.mx\/?post_type=noticias&amp;p=5605"},"modified":"2023-12-21T16:55:28","modified_gmt":"2023-12-21T22:55:28","slug":"boletin-527-a-prision-y-vinculado-a-proceso-queda-imputado-por-violencia-familiar-hechos-ocurridos-en-la-region-de-valles-centrales","status":"publish","type":"noticias","link":"https:\/\/portal.fgeo.gob.mx\/index.php\/archivos\/noticias\/boletin-527-a-prision-y-vinculado-a-proceso-queda-imputado-por-violencia-familiar-hechos-ocurridos-en-la-region-de-valles-centrales","title":{"rendered":"BOLET\u00cdN 527 &#8211; A prisi\u00f3n y vinculado a proceso, queda imputado por violencia familiar, hechos ocurridos en la regi\u00f3n de Valles Centrales"},"content":{"rendered":"<p><strong>Oaxaca de Ju\u00e1rez, Oax., a 21 de diciembre de 2023.-<\/strong>\u00a0La Fiscal\u00eda General del Estado de Oaxaca (FGEO) obtuvo auto de vinculaci\u00f3n a proceso en contra de una persona del sexo masculino identificada como R. D. J. R., por el delito de Violencia Familiar, en agravio de una persona del sexo femenino de iniciales D.R.R.C. hechos ocurridos en inmediaciones de Santa Cruz Xoxocotl\u00e1n y la capital, en la regi\u00f3n de los Valles Centrales.<\/p>\n<p>El imputado fue detenido por elementos de la polic\u00eda municipal de Oaxaca de Ju\u00e1rez, al ser se\u00f1alado como la persona que ejerci\u00f3 violencia en contra de su expareja, por lo que fue puesto a disposici\u00f3n del ministerio p\u00fablico.<\/p>\n<p>De acuerdo con la causa penal en reiteradas ocasiones la v\u00edctima sufri\u00f3 violencia f\u00edsica, psicoemocional, econ\u00f3mica y contra sus derechos reproductivos durante el desarrollo de su relaci\u00f3n, por lo que tom\u00f3 la decisi\u00f3n de alejarse.<\/p>\n<p>Este tipo de agresiones persistieron hasta que el imputado fue detenido en flagrancia al momento en que la v\u00edctima se trasladaba a recibir atenci\u00f3n m\u00e9dica, instante en que apareci\u00f3 su agresor, quien la intercept\u00f3 para agredirla de manera f\u00edsica y psicoemocional.<\/p>\n<p>Ante estos hechos, la Instituci\u00f3n de Procuraci\u00f3n de Justicia inici\u00f3 una exhaustiva investigaci\u00f3n, logrando reunir los datos de prueba pertinentes para acreditar el delito ante el Juez de Control.<\/p>\n<p>En audiencia, el Juez dict\u00f3 Auto de Vinculaci\u00f3n a Proceso en contra de R.D.J.R., a quien impuso la medida cautelar de prisi\u00f3n preventiva a petici\u00f3n de parte por considerar que el imputado representa un riesgo para la v\u00edctima y los testigos, adem\u00e1s de otorgar un mes para el cierre de investigaci\u00f3n complementaria.<\/p>\n<p>La Fiscal\u00eda General reitera en los hechos, su compromiso de llevar ante la Justicia a todo aquel que vulnere los derechos y la integridad de ni\u00f1as, ni\u00f1os, adolescentes y mujeres.<\/p>\n<p><img fetchpriority=\"high\" decoding=\"async\" class=\"alignnone size-medium wp-image-5606\" src=\"https:\/\/portal.fgeo.gob.mx\/wp-content\/uploads\/2023\/12\/BOLET%C3%8DN-527-A-prisi%C3%B3n-y-vinculado-a-proceso-queda-imputado-por-violencia-familiar-hechos-ocurridos-en-la-regi%C3%B3n-de-Valles-Centrales_page-0001-232x300.jpg\" alt=\"\" width=\"232\" height=\"300\" \/><\/p>\n","protected":false},"author":2,"featured_media":5497,"comment_status":"closed","ping_status":"closed","template":"","tags":[],"categoria_noticias":[],"class_list":["post-15920","noticias","type-noticias","status-publish","has-post-thumbnail","hentry"],"acf":[],"mb":[],"mfb_rest_fields":["title","gutenberg_elementor_mode"],"_links":{"self":[{"href":"https:\/\/portal.fgeo.gob.mx\/index.php\/wp-json\/wp\/v2\/noticias\/15920","targetHints":{"allow":["GET"]}}],"collection":[{"href":"https:\/\/portal.fgeo.gob.mx\/index.php\/wp-json\/wp\/v2\/noticias"}],"about":[{"href":"https:\/\/portal.fgeo.gob.mx\/index.php\/wp-json\/wp\/v2\/types\/noticias"}],"author":[{"embeddable":true,"href":"https:\/\/portal.fgeo.gob.mx\/index.php\/wp-json\/wp\/v2\/users\/2"}],"replies":[{"embeddable":true,"href":"https:\/\/portal.fgeo.gob.mx\/index.php\/wp-json\/wp\/v2\/comments?post=15920"}],"wp:featuredmedia":[{"embeddable":true,"href":"https:\/\/portal.fgeo.gob.mx\/index.php\/wp-json\/"}],"wp:attachment":[{"href":"https:\/\/portal.fgeo.gob.mx\/index.php\/wp-json\/wp\/v2\/media?parent=15920"}],"wp:term":[{"taxonomy":"post_tag","embeddable":true,"href":"https:\/\/portal.fgeo.gob.mx\/index.php\/wp-json\/wp\/v2\/tags?post=15920"},{"taxonomy":"categoria_noticias","embeddable":true,"href":"https:\/\/portal.fgeo.gob.mx\/index.php\/wp-json\/wp\/v2\/categoria_noticias?post=15920"}],"curies":[{"name":"wp","href":"https:\/\/api.w.org\/{rel}","templated":true}]}}