{"id":15916,"date":"2023-12-20T13:44:44","date_gmt":"2023-12-20T19:44:44","guid":{"rendered":"https:\/\/fge.oaxaca.gob.mx\/?post_type=noticias&amp;p=5592"},"modified":"2023-12-20T13:44:44","modified_gmt":"2023-12-20T19:44:44","slug":"boletin-523-obtiene-fgeo-vinculacion-a-proceso-contra-imputado-por-el-delito-de-tentativa-de-violacion-en-contra-de-una-adolescente","status":"publish","type":"noticias","link":"https:\/\/portal.fgeo.gob.mx\/index.php\/archivos\/noticias\/boletin-523-obtiene-fgeo-vinculacion-a-proceso-contra-imputado-por-el-delito-de-tentativa-de-violacion-en-contra-de-una-adolescente","title":{"rendered":"BOLET\u00cdN 523 -Obtiene FGEO vinculaci\u00f3n a proceso contra imputado por el delito de tentativa de violaci\u00f3n en contra de una adolescente"},"content":{"rendered":"<p><strong>Oaxaca de Ju\u00e1rez, Oax., a 20 de diciembre de 2023.-<\/strong> La Fiscal\u00eda General del Estado de Oaxaca (FGEO) obtuvo auto de vinculaci\u00f3n a proceso en contra de una persona del sexo masculino identificada como O. M. J., por el delito de tentativa de Violaci\u00f3n Agravada en contra de una adolescente, los hechos ocurrieron en la zona Mixe.<\/p>\n<p>De acuerdo con la causa penal, la v\u00edctima se encontraba en su domicilio ubicado en Ayutla, Mixes, momento en que una persona la agredi\u00f3 f\u00edsicamente para luego someterla y posteriormente atacarla de manera sexual, pero fue rescatada por un familiar.<\/p>\n<p>Ante estos hechos y al recibir la denuncia de los familiares, la FGEO inici\u00f3 las investigaciones correspondientes a trav\u00e9s de la Unidad de G\u00e9nero de la Vicefiscal\u00eda de Valles Centrales, que dio como resultado la obtenci\u00f3n de una orden de aprehensi\u00f3n en contra del imputado.<\/p>\n<p>En audiencia y tras valorar los datos de prueba presentados por la Fiscal\u00eda General del Estado de Oaxaca, el Juez de la causa dict\u00f3 auto de vinculaci\u00f3n a proceso en contra de O.M.J. por el delito de tentativa de Violaci\u00f3n Agravada, por lo que impuso la medida cautelar de prisi\u00f3n preventiva y otorg\u00f3 dos meses para el cierre de la investigaci\u00f3n complementaria.<\/p>\n<p>La Fiscal\u00eda General del Estado de Oaxaca est\u00e1 comprometida con garantizar un adecuado proceso de procuraci\u00f3n de justicia en los casos de delitos cometidos contra ni\u00f1as, ni\u00f1os y adolescentes, especialmente en los casos de delitos de sexuales en los que se busca llevar a las personas responsables ante la justicia y que se les aplique todo el rigor de la ley.<\/p>\n<p><img fetchpriority=\"high\" decoding=\"async\" class=\"alignnone size-medium wp-image-5593\" src=\"https:\/\/portal.fgeo.gob.mx\/wp-content\/uploads\/2023\/12\/BOLET%C3%8DN-523-Obtiene-FGEO-vinculaci%C3%B3n-a-proceso-contra-imputado-por-el-delito-de-tentativa-de-violaci%C3%B3n-en-contra-de-una-adolescente_page-0001-232x300.jpg\" alt=\"\" width=\"232\" height=\"300\" \/><\/p>\n","protected":false},"author":2,"featured_media":5497,"comment_status":"closed","ping_status":"closed","template":"","tags":[],"categoria_noticias":[],"class_list":["post-15916","noticias","type-noticias","status-publish","has-post-thumbnail","hentry"],"acf":[],"mb":[],"mfb_rest_fields":["title","gutenberg_elementor_mode"],"_links":{"self":[{"href":"https:\/\/portal.fgeo.gob.mx\/index.php\/wp-json\/wp\/v2\/noticias\/15916","targetHints":{"allow":["GET"]}}],"collection":[{"href":"https:\/\/portal.fgeo.gob.mx\/index.php\/wp-json\/wp\/v2\/noticias"}],"about":[{"href":"https:\/\/portal.fgeo.gob.mx\/index.php\/wp-json\/wp\/v2\/types\/noticias"}],"author":[{"embeddable":true,"href":"https:\/\/portal.fgeo.gob.mx\/index.php\/wp-json\/wp\/v2\/users\/2"}],"replies":[{"embeddable":true,"href":"https:\/\/portal.fgeo.gob.mx\/index.php\/wp-json\/wp\/v2\/comments?post=15916"}],"wp:featuredmedia":[{"embeddable":true,"href":"https:\/\/portal.fgeo.gob.mx\/index.php\/wp-json\/"}],"wp:attachment":[{"href":"https:\/\/portal.fgeo.gob.mx\/index.php\/wp-json\/wp\/v2\/media?parent=15916"}],"wp:term":[{"taxonomy":"post_tag","embeddable":true,"href":"https:\/\/portal.fgeo.gob.mx\/index.php\/wp-json\/wp\/v2\/tags?post=15916"},{"taxonomy":"categoria_noticias","embeddable":true,"href":"https:\/\/portal.fgeo.gob.mx\/index.php\/wp-json\/wp\/v2\/categoria_noticias?post=15916"}],"curies":[{"name":"wp","href":"https:\/\/api.w.org\/{rel}","templated":true}]}}