{"id":15915,"date":"2023-12-19T18:06:53","date_gmt":"2023-12-20T00:06:53","guid":{"rendered":"https:\/\/fge.oaxaca.gob.mx\/?post_type=noticias&amp;p=5590"},"modified":"2023-12-19T18:06:53","modified_gmt":"2023-12-20T00:06:53","slug":"boletin-522-queda-en-prision-y-vinculado-a-proceso-imputado-por-disparar-contra-una-persona-en-la-costa-fiscalia-de-oaxaca","status":"publish","type":"noticias","link":"https:\/\/portal.fgeo.gob.mx\/index.php\/archivos\/noticias\/boletin-522-queda-en-prision-y-vinculado-a-proceso-imputado-por-disparar-contra-una-persona-en-la-costa-fiscalia-de-oaxaca","title":{"rendered":"BOLET\u00cdN 522 -Queda en prisi\u00f3n y vinculado a proceso, imputado por disparar contra una persona en la Costa: Fiscal\u00eda de Oaxaca"},"content":{"rendered":"<p><strong>Oaxaca de Ju\u00e1rez, Oax., a 19 de diciembre de 2023<\/strong>.- Derivado del trabajo en ciencia jur\u00eddica realizado por la Fiscal\u00eda General del Estado de Oaxaca (FGEO), se obtuvo auto de vinculaci\u00f3n a proceso en contra de D. E. H. M. o D. H. V., por la comisi\u00f3n del delito de Lesiones Calificadas, por una agresi\u00f3n armada, la cual ocurri\u00f3 en la regi\u00f3n de la Costa.<\/p>\n<p>De acuerdo con lo asentado en el expediente penal del caso, los hechos sucedieron en calles de la colonia Centro, en el municipio de Santiago Pinotepa Nacional, donde se encontraba la v\u00edctima identificada por las iniciales L. V. M., en contra de quien dispararon con un arma de fuego.<\/p>\n<p>Como resultado de la agresi\u00f3n, la v\u00edctima result\u00f3 con heridas en diferentes partes del cuerpo, conducta criminal por la que se configura el delito de Lesiones Calificadas, por lo que la FGEO tom\u00f3 conocimiento de los hechos a trav\u00e9s de la Vicefiscal\u00eda Regional de la Costa.<\/p>\n<p>Luego de recabar los datos de prueba en torno al caso, se presentaron ante el Juez quien, tras evaluarlos, dict\u00f3 auto de vinculaci\u00f3n a proceso en contra del imputado, adem\u00e1s que, como medida cautelar, impuso prisi\u00f3n preventiva para D. E. H. M. o D. H. V., y otorg\u00f3 dos meses al Ministerio P\u00fablico para el cierre de la investigaci\u00f3n complementaria.<\/p>\n<p>La actuaci\u00f3n inmediata por parte de la Fiscal\u00eda de Oaxaca deriva del trabajo realizado por los equipos multidisciplinarios que intervienen en el inicio de los procesos de procuraci\u00f3n de justicia a favor de las v\u00edctimas.<\/p>\n<p><img fetchpriority=\"high\" decoding=\"async\" class=\"alignnone size-medium wp-image-5591\" src=\"https:\/\/portal.fgeo.gob.mx\/wp-content\/uploads\/2023\/12\/BOLET%C3%8DN-522-Queda-en-prisi%C3%B3n-y-vinculado-a-proceso-imputado-por-disparar-contra-una-persona-en-la-Costa-Fiscal%C3%ADa-de-Oaxaca_page-0001-232x300.jpg\" alt=\"\" width=\"232\" height=\"300\" \/><\/p>\n","protected":false},"author":2,"featured_media":5491,"comment_status":"closed","ping_status":"closed","template":"","tags":[],"categoria_noticias":[],"class_list":["post-15915","noticias","type-noticias","status-publish","has-post-thumbnail","hentry"],"acf":[],"mb":[],"mfb_rest_fields":["title","gutenberg_elementor_mode"],"_links":{"self":[{"href":"https:\/\/portal.fgeo.gob.mx\/index.php\/wp-json\/wp\/v2\/noticias\/15915","targetHints":{"allow":["GET"]}}],"collection":[{"href":"https:\/\/portal.fgeo.gob.mx\/index.php\/wp-json\/wp\/v2\/noticias"}],"about":[{"href":"https:\/\/portal.fgeo.gob.mx\/index.php\/wp-json\/wp\/v2\/types\/noticias"}],"author":[{"embeddable":true,"href":"https:\/\/portal.fgeo.gob.mx\/index.php\/wp-json\/wp\/v2\/users\/2"}],"replies":[{"embeddable":true,"href":"https:\/\/portal.fgeo.gob.mx\/index.php\/wp-json\/wp\/v2\/comments?post=15915"}],"wp:featuredmedia":[{"embeddable":true,"href":"https:\/\/portal.fgeo.gob.mx\/index.php\/wp-json\/"}],"wp:attachment":[{"href":"https:\/\/portal.fgeo.gob.mx\/index.php\/wp-json\/wp\/v2\/media?parent=15915"}],"wp:term":[{"taxonomy":"post_tag","embeddable":true,"href":"https:\/\/portal.fgeo.gob.mx\/index.php\/wp-json\/wp\/v2\/tags?post=15915"},{"taxonomy":"categoria_noticias","embeddable":true,"href":"https:\/\/portal.fgeo.gob.mx\/index.php\/wp-json\/wp\/v2\/categoria_noticias?post=15915"}],"curies":[{"name":"wp","href":"https:\/\/api.w.org\/{rel}","templated":true}]}}