{"id":15914,"date":"2023-12-18T18:33:22","date_gmt":"2023-12-19T00:33:22","guid":{"rendered":"https:\/\/fge.oaxaca.gob.mx\/?post_type=noticias&amp;p=5583"},"modified":"2023-12-18T18:33:22","modified_gmt":"2023-12-19T00:33:22","slug":"boletin-521-capacitacion-constante-clave-para-fortalecimiento-institucion-en-proceso-de-reingenieria-de-la-fgeo-bernardo-rodriguez-alamilla","status":"publish","type":"noticias","link":"https:\/\/portal.fgeo.gob.mx\/index.php\/archivos\/noticias\/boletin-521-capacitacion-constante-clave-para-fortalecimiento-institucion-en-proceso-de-reingenieria-de-la-fgeo-bernardo-rodriguez-alamilla","title":{"rendered":"BOLET\u00cdN 521- Capacitaci\u00f3n constante, clave para fortalecimiento instituci\u00f3n en proceso de reingenier\u00eda de la FGEO: Bernardo Rodr\u00edguez Alamilla"},"content":{"rendered":"<p><strong><img fetchpriority=\"high\" decoding=\"async\" class=\"alignnone size-medium wp-image-5584\" src=\"https:\/\/portal.fgeo.gob.mx\/wp-content\/uploads\/2023\/12\/WhatsApp-Image-2023-12-18-at-3.17.25-PM-1-300x200.jpeg\" alt=\"\" width=\"300\" height=\"200\" \/><\/strong><\/p>\n<ul>\n<li><em>Clausura Fiscal\u00eda General, programa de \u201cFormaci\u00f3n para la Paz y Seguridad en Oaxaca\u201d<\/em><\/li>\n<\/ul>\n<p><strong>Oaxaca de Ju\u00e1rez, Oax., a 18 de diciembre de 2023<\/strong>.- Al clausurar la primera fase del programa \u201cFormaci\u00f3n para la Paz y Seguridad en Oaxaca\u201d, el Fiscal General del Estado, Bernardo Rodr\u00edguez Alamilla, dijo que \u201ceste proceso busca fortalecer las capacidades institucionales en materia de uso de las nuevas tecnolog\u00edas para atender el fen\u00f3meno delictivo en forma m\u00e1s eficiente\u201d.<\/p>\n<p>Acompa\u00f1ado en la ceremonia de clausura por la coordinadora del programa \u201cFormaci\u00f3n para la Paz y Seguridad en Oaxaca\u201d, Marl\u00e9n Yadira Salazar Velasco; el coordinador General de la Agencia Estatal de Investigaciones (AEI), Jaciel Salvador V\u00e1squez Castro; coordinador de Investigaci\u00f3n y Proyectos Acad\u00e9micos de la FGEO, Ir\u00e1n Francisco V\u00e1zquez Hern\u00e1ndez; as\u00ed como Gisela D\u00edaz P\u00e9rez, quien particip\u00f3 en el programa, el Fiscal General sostuvo que, para hacer frente a las nueva modalidades del fen\u00f3meno delictivo se requiere de una capacitaci\u00f3n continua y la utilizaci\u00f3n de las herramientas que ofrecen la tecnolog\u00eda.<\/p>\n<p>El Fiscal General, Bernardo Rodr\u00edguez Alamilla, dijo que este programa es parte de las acciones que se realizan como parte del proceso de reingenier\u00eda institucional, adem\u00e1s que reconoci\u00f3 el esfuerzo de las 170 personas participantes, pues ellas y ellos son esenciales para reorganizar, renovar y hacer m\u00e1s eficientes los procesos de la Fiscal\u00eda General del Estado de Oaxaca.<\/p>\n<p><img decoding=\"async\" class=\"alignnone size-medium wp-image-5585\" src=\"https:\/\/portal.fgeo.gob.mx\/wp-content\/uploads\/2023\/12\/WhatsApp-Image-2023-12-18-at-3.17.25-PM-300x200.jpeg\" alt=\"\" width=\"300\" height=\"200\" \/><\/p>\n<p>A\u00f1adi\u00f3 que la Fiscal\u00eda General del Estado de Oaxaca impulsa acciones que permitan atender la ciberdelincuencia en sus diferentes modalidades, pues se busca llevar a la instituci\u00f3n a la vanguardia en materia de atenci\u00f3n e investigaci\u00f3n, adem\u00e1s de establecer alianzas estrat\u00e9gicas con otras instancias que permitan colaboraciones conjuntas que coadyuven a la prevenci\u00f3n del delito y procuraci\u00f3n de justicia alrededor de esta modalidad identificada como una conducta criminal.<\/p>\n<p>Por su parte, la coordinadora del programa \u201cFormaci\u00f3n para la Paz y Seguridad en Oaxaca\u201d, Marl\u00e9n Yadira Salazar Velasco, puntualiz\u00f3 que el proceso de capacitaci\u00f3n se construy\u00f3 con el objetivo de brindar herramientas que permitan realizar procesos de investigaci\u00f3n m\u00e1s eficientes y que favorezcan la incorporaci\u00f3n de enfoques como el de derechos humanos, g\u00e9nero e interculturalidad entre otros.<\/p>\n<p>Mientras que, el coordinador de Investigaci\u00f3n y Proyectos Acad\u00e9micos de la FGEO, Ir\u00e1n Francisco V\u00e1zquez Hern\u00e1ndez, se\u00f1al\u00f3 que este programa tiene la cualidad de ser un proceso autogestivo en el que se aprovechan los recursos tecnol\u00f3gicos para fortalecer las capacidades institucionales.<\/p>\n<p><img decoding=\"async\" class=\"alignnone size-medium wp-image-5586\" src=\"https:\/\/portal.fgeo.gob.mx\/wp-content\/uploads\/2023\/12\/BOLET%C3%8DN-521-Capacitaci%C3%B3n-constante-clave-para-fortalecimiento-instituci%C3%B3n-en-proceso-de-reingenier%C3%ADa-de-la-FGEO-Bernardo-Rodr%C3%ADguez-Alamilla5-300x200.jpeg\" alt=\"\" width=\"300\" height=\"200\" \/><\/p>\n<p>Por su parte Gisela D\u00edaz P\u00e9rez, participante del diplomado, reconoci\u00f3 que este programa de formaci\u00f3n es una oportunidad para quienes integran la Fiscal\u00eda General del Estado, pues permite fortalecer la profesionalizaci\u00f3n del personal, ya que brinda herramientas \u00fatiles para brindar una mejor atenci\u00f3n a la sociedad.<\/p>\n<p>La Fiscal\u00eda General del Estado de Oaxaca implementa procesos de capacitaci\u00f3n con el objetivo de brindar recursos actualizados y estrategias efectivas, a trav\u00e9s del fortalecimiento de las capacidades y competencias de los miembros del sistema de seguridad p\u00fablica, procuraci\u00f3n y administraci\u00f3n de justicia para garantizar un entorno seguro y promover la armon\u00eda en toda la comunidad oaxaque\u00f1a.<\/p>\n<p><img loading=\"lazy\" decoding=\"async\" class=\"alignnone size-medium wp-image-5587\" src=\"https:\/\/portal.fgeo.gob.mx\/wp-content\/uploads\/2023\/12\/BOLET%C3%8DN-521-Capacitaci%C3%B3n-constante-clave-para-fortalecimiento-instituci%C3%B3n-en-proceso-de-reingenier%C3%ADa-de-la-FGEO-Bernardo-Rodr%C3%ADguez-Alamilla3-300x200.jpeg\" alt=\"\" width=\"300\" height=\"200\" \/><\/p>\n","protected":false},"author":2,"featured_media":5491,"comment_status":"closed","ping_status":"closed","template":"","tags":[],"categoria_noticias":[],"class_list":["post-15914","noticias","type-noticias","status-publish","has-post-thumbnail","hentry"],"acf":[],"mb":[],"mfb_rest_fields":["title","gutenberg_elementor_mode"],"_links":{"self":[{"href":"https:\/\/portal.fgeo.gob.mx\/index.php\/wp-json\/wp\/v2\/noticias\/15914","targetHints":{"allow":["GET"]}}],"collection":[{"href":"https:\/\/portal.fgeo.gob.mx\/index.php\/wp-json\/wp\/v2\/noticias"}],"about":[{"href":"https:\/\/portal.fgeo.gob.mx\/index.php\/wp-json\/wp\/v2\/types\/noticias"}],"author":[{"embeddable":true,"href":"https:\/\/portal.fgeo.gob.mx\/index.php\/wp-json\/wp\/v2\/users\/2"}],"replies":[{"embeddable":true,"href":"https:\/\/portal.fgeo.gob.mx\/index.php\/wp-json\/wp\/v2\/comments?post=15914"}],"wp:featuredmedia":[{"embeddable":true,"href":"https:\/\/portal.fgeo.gob.mx\/index.php\/wp-json\/"}],"wp:attachment":[{"href":"https:\/\/portal.fgeo.gob.mx\/index.php\/wp-json\/wp\/v2\/media?parent=15914"}],"wp:term":[{"taxonomy":"post_tag","embeddable":true,"href":"https:\/\/portal.fgeo.gob.mx\/index.php\/wp-json\/wp\/v2\/tags?post=15914"},{"taxonomy":"categoria_noticias","embeddable":true,"href":"https:\/\/portal.fgeo.gob.mx\/index.php\/wp-json\/wp\/v2\/categoria_noticias?post=15914"}],"curies":[{"name":"wp","href":"https:\/\/api.w.org\/{rel}","templated":true}]}}