{"id":15913,"date":"2023-12-16T14:23:18","date_gmt":"2023-12-16T20:23:18","guid":{"rendered":"https:\/\/fge.oaxaca.gob.mx\/?post_type=noticias&amp;p=5578"},"modified":"2023-12-16T14:23:18","modified_gmt":"2023-12-16T20:23:18","slug":"boletin-519-fiscalia-de-oaxaca-despliega-equipo-multidisciplinario-e-inicia-investigacion-homicidio-cometido-en-calles-de-san-antonio-de-la-cal","status":"publish","type":"noticias","link":"https:\/\/portal.fgeo.gob.mx\/index.php\/archivos\/noticias\/boletin-519-fiscalia-de-oaxaca-despliega-equipo-multidisciplinario-e-inicia-investigacion-homicidio-cometido-en-calles-de-san-antonio-de-la-cal","title":{"rendered":"BOLET\u00cdN 519 -Fiscal\u00eda de Oaxaca despliega equipo multidisciplinario e inicia investigaci\u00f3n homicidio cometido en calles de San Antonio de la Cal"},"content":{"rendered":"<p><strong>Oaxaca de Ju\u00e1rez, Oax., a 16 de diciembre de 2023.-\u00a0<\/strong>Un equipo multidisciplinario de la Fiscal\u00eda General del Estado de Oaxaca (FGEO) se encarg\u00f3 de realizar las primeras investigaciones en torno al homicidio de una persona del sexo masculino, el cual fue reportado la ma\u00f1ana de este s\u00e1bado en la Zona Metropolitana de la regi\u00f3n de los Valles Centrales.<\/p>\n<p>Luego de recibir el reporte policial, la Fiscal\u00eda de Oaxaca dio parte a la Fiscal\u00eda Especializada para la Atenci\u00f3n a Delitos de Alto Impacto, \u00e1rea que encabeza los trabajos ministeriales en coordinaci\u00f3n con el Instituto de Servicios Periciales, por lo que se inici\u00f3 una carpeta de investigaci\u00f3n por el delito de Homicidio.<\/p>\n<p>En tanto, se estableci\u00f3 que, la ma\u00f1ana de este 16 de diciembre, localizaron el cuerpo sin vida de una persona del sexo masculino, que se encontraba sobre calle Fresnos, en inmediaciones del Camino Antiguo al Rosario, perteneciente al municipio de San Antonio de la Cal.<\/p>\n<p>Al tomar conocimiento, se observaron lesiones en diferentes partes del cuerpo, las cuales aparentemente fueron infligidas con un arma punzocortante, por lo que trasladaron a la v\u00edctima para realizar los estudios forenses necesarios para integrar los resultados a las investigaciones al respecto.<\/p>\n<p>La Fiscal\u00eda de Oaxaca est\u00e1 comprometida con realizar los trabajos ministeriales necesarios para que las v\u00edctimas directas e indirectas de cualquier delito, tengan pleno acceso a la justicia.<\/p>\n<p><img fetchpriority=\"high\" decoding=\"async\" class=\"alignnone size-medium wp-image-5580\" src=\"https:\/\/portal.fgeo.gob.mx\/wp-content\/uploads\/2023\/12\/BOLET%C3%8DN-519-Fiscal%C3%ADa-de-Oaxaca-despliega-equipo-multidisciplinario-e-inicia-investigaci%C3%B3n-homicidio-cometido-en-calles-de-San-Antonio-de-la-Cal_page-0001-1-232x300.jpg\" alt=\"\" width=\"232\" height=\"300\" \/><\/p>\n","protected":false},"author":2,"featured_media":5461,"comment_status":"closed","ping_status":"closed","template":"","tags":[],"categoria_noticias":[],"class_list":["post-15913","noticias","type-noticias","status-publish","has-post-thumbnail","hentry"],"acf":[],"mb":[],"mfb_rest_fields":["title","gutenberg_elementor_mode"],"_links":{"self":[{"href":"https:\/\/portal.fgeo.gob.mx\/index.php\/wp-json\/wp\/v2\/noticias\/15913","targetHints":{"allow":["GET"]}}],"collection":[{"href":"https:\/\/portal.fgeo.gob.mx\/index.php\/wp-json\/wp\/v2\/noticias"}],"about":[{"href":"https:\/\/portal.fgeo.gob.mx\/index.php\/wp-json\/wp\/v2\/types\/noticias"}],"author":[{"embeddable":true,"href":"https:\/\/portal.fgeo.gob.mx\/index.php\/wp-json\/wp\/v2\/users\/2"}],"replies":[{"embeddable":true,"href":"https:\/\/portal.fgeo.gob.mx\/index.php\/wp-json\/wp\/v2\/comments?post=15913"}],"wp:featuredmedia":[{"embeddable":true,"href":"https:\/\/portal.fgeo.gob.mx\/index.php\/wp-json\/"}],"wp:attachment":[{"href":"https:\/\/portal.fgeo.gob.mx\/index.php\/wp-json\/wp\/v2\/media?parent=15913"}],"wp:term":[{"taxonomy":"post_tag","embeddable":true,"href":"https:\/\/portal.fgeo.gob.mx\/index.php\/wp-json\/wp\/v2\/tags?post=15913"},{"taxonomy":"categoria_noticias","embeddable":true,"href":"https:\/\/portal.fgeo.gob.mx\/index.php\/wp-json\/wp\/v2\/categoria_noticias?post=15913"}],"curies":[{"name":"wp","href":"https:\/\/api.w.org\/{rel}","templated":true}]}}