{"id":15911,"date":"2023-12-13T19:00:55","date_gmt":"2023-12-14T01:00:55","guid":{"rendered":"https:\/\/fge.oaxaca.gob.mx\/?post_type=noticias&amp;p=5569"},"modified":"2023-12-13T19:00:55","modified_gmt":"2023-12-14T01:00:55","slug":"boletin-517-obtiene-fgeo-prision-preventiva-y-vinculacion-a-proceso-contra-imputado-de-violacion-cometida-contra-su-esposa","status":"publish","type":"noticias","link":"https:\/\/portal.fgeo.gob.mx\/index.php\/archivos\/noticias\/boletin-517-obtiene-fgeo-prision-preventiva-y-vinculacion-a-proceso-contra-imputado-de-violacion-cometida-contra-su-esposa","title":{"rendered":"BOLET\u00cdN 517 -Obtiene FGEO prisi\u00f3n preventiva y vinculaci\u00f3n a proceso contra imputado de violaci\u00f3n cometida contra su esposa"},"content":{"rendered":"<p><strong>Oaxaca de Ju\u00e1rez, Oax., a 13 de diciembre de 2023.- <\/strong>La Fiscal\u00eda General del Estado de Oaxaca (FGEO) obtuvo auto de Vinculaci\u00f3n a Proceso contra una persona del sexo masculino identificada por las iniciales J. J. S. A., por el delito de Violaci\u00f3n Agravada en contra de una mujer, hechos ocurridos en la regi\u00f3n de la Sierra Sur<\/p>\n<p>De acuerdo con la causa penal, la v\u00edctima y el imputado est\u00e1n legalmente casados y, ocho meses despu\u00e9s de contraer matrimonio, la mujer comenz\u00f3 a vivir violencia f\u00edsica y psicol\u00f3gica.<\/p>\n<p>En la denuncia, la v\u00edctima narr\u00f3 que, el 24 de abril de 2017, cuando se encontraba en su domicilio, localizado en la colonia centro del municipio de Villa Sola de Vega, lleg\u00f3 su esposo, quien la agredi\u00f3 f\u00edsicamente para someterla y posteriormente agredirla de manera sexual, conducta que constituye la comisi\u00f3n del delito de Violaci\u00f3n Agravada.<\/p>\n<p>Ante estos hechos y tras la denuncia presentada, la FGEO inici\u00f3 una investigaci\u00f3n a trav\u00e9s de la Vicefiscal\u00eda General de Control Regional, que luego de realizar los peritajes m\u00e9dicos, estableci\u00f3 que la v\u00edctima presentaba diversas lesiones en el cuerpo y datos de agresi\u00f3n sexual reciente, entre otras pruebas cient\u00edficas que se sumaron a los resultados de los trabajos ministeriales.<\/p>\n<p>Luego de obtener una orden de aprehensi\u00f3n por estos hechos, se logr\u00f3 la detenci\u00f3n del imputado que fue llevado a audiencia, en la que la Juez de Control dict\u00f3 auto de vinculaci\u00f3n a proceso en contra de J. J. S. A. por el delito de Violaci\u00f3n Agravada, imponiendo la medida cautelar de prisi\u00f3n preventiva, adem\u00e1s que otorg\u00f3 tres meses para el cierre de investigaci\u00f3n complementaria.<\/p>\n<p>La Fiscal\u00eda General de Oaxaca reitera en los hechos su compromiso de llevar ante la justicia a todo aquel que incurra en delitos que vulneran la integridad f\u00edsica y sexual de mujeres, ni\u00f1as y adolescentes.<\/p>\n<p><img fetchpriority=\"high\" decoding=\"async\" class=\"alignnone size-medium wp-image-5570\" src=\"https:\/\/portal.fgeo.gob.mx\/wp-content\/uploads\/2023\/12\/BOLET%C3%8DN-517-Obtiene-FGEO-prisi%C3%B3n-preventiva-y-vinculaci%C3%B3n-a-proceso-contra-imputado-de-violaci%C3%B3n-cometida-contra-su-esposa_page-0001-232x300.jpg\" alt=\"\" width=\"232\" height=\"300\" \/><\/p>\n","protected":false},"author":2,"featured_media":5461,"comment_status":"closed","ping_status":"closed","template":"","tags":[],"categoria_noticias":[],"class_list":["post-15911","noticias","type-noticias","status-publish","has-post-thumbnail","hentry"],"acf":[],"mb":[],"mfb_rest_fields":["title","gutenberg_elementor_mode"],"_links":{"self":[{"href":"https:\/\/portal.fgeo.gob.mx\/index.php\/wp-json\/wp\/v2\/noticias\/15911","targetHints":{"allow":["GET"]}}],"collection":[{"href":"https:\/\/portal.fgeo.gob.mx\/index.php\/wp-json\/wp\/v2\/noticias"}],"about":[{"href":"https:\/\/portal.fgeo.gob.mx\/index.php\/wp-json\/wp\/v2\/types\/noticias"}],"author":[{"embeddable":true,"href":"https:\/\/portal.fgeo.gob.mx\/index.php\/wp-json\/wp\/v2\/users\/2"}],"replies":[{"embeddable":true,"href":"https:\/\/portal.fgeo.gob.mx\/index.php\/wp-json\/wp\/v2\/comments?post=15911"}],"wp:featuredmedia":[{"embeddable":true,"href":"https:\/\/portal.fgeo.gob.mx\/index.php\/wp-json\/"}],"wp:attachment":[{"href":"https:\/\/portal.fgeo.gob.mx\/index.php\/wp-json\/wp\/v2\/media?parent=15911"}],"wp:term":[{"taxonomy":"post_tag","embeddable":true,"href":"https:\/\/portal.fgeo.gob.mx\/index.php\/wp-json\/wp\/v2\/tags?post=15911"},{"taxonomy":"categoria_noticias","embeddable":true,"href":"https:\/\/portal.fgeo.gob.mx\/index.php\/wp-json\/wp\/v2\/categoria_noticias?post=15911"}],"curies":[{"name":"wp","href":"https:\/\/api.w.org\/{rel}","templated":true}]}}