{"id":15910,"date":"2023-12-12T14:34:56","date_gmt":"2023-12-12T20:34:56","guid":{"rendered":"https:\/\/fge.oaxaca.gob.mx\/?post_type=noticias&amp;p=5563"},"modified":"2023-12-12T14:34:56","modified_gmt":"2023-12-12T20:34:56","slug":"boletin-515-obtiene-fiscalia-de-oaxaca-fallo-condenatorio-contra-responsable-de-homicidio-cometido-en-san-agustin-de-la-juntas","status":"publish","type":"noticias","link":"https:\/\/portal.fgeo.gob.mx\/index.php\/archivos\/noticias\/boletin-515-obtiene-fiscalia-de-oaxaca-fallo-condenatorio-contra-responsable-de-homicidio-cometido-en-san-agustin-de-la-juntas","title":{"rendered":"BOLET\u00cdN 515 -Obtiene Fiscal\u00eda de Oaxaca fallo condenatorio contra responsable de homicidio cometido en San Agust\u00edn de la Juntas"},"content":{"rendered":"<p><strong>Oaxaca de Ju\u00e1rez, Oax., a 12 de diciembre de 2023.-<\/strong>\u00a0 \u00a0La investigaci\u00f3n de delitos de alto impacto que realiza la Fiscal\u00eda General del Estado de Oaxaca (FGEO) hizo posible la obtenci\u00f3n de un fallo condenatorio en contra de Melvin Escoot B. A., alias \u201cEl Mamado\u201d, responsable de la comisi\u00f3n de los delitos de Homicidio Calificado y Tentativa de Homicidio Calificado, hechos ocurridos en la regi\u00f3n de los Valles Centrales.<\/p>\n<p>De acuerdo con lo asentado en el expediente penal del caso, el 21 de septiembre de 2019, las v\u00edctimas identificadas por las iniciales D. C. S. y J. Y. M. N, transitaban sobre el camino antiguo al aeropuerto cuando se encontraron con el sentenciado, quien estaba acompa\u00f1ado de otras personas, y siguieron a los dos hombres hasta interceptarlos en S\u00edmbolos Patrios, en el tramo perteneciente al municipio de San Agust\u00edn de la Juntas.<\/p>\n<p>En el lugar, Melvin Escoot B. A., alias \u201cEl Mamado\u201d descendi\u00f3 del veh\u00edculo en que viajaba y atac\u00f3 a los dos hombres usando un objeto corto-contundente (machete), con el cual infligi\u00f3 lesiones las cuales le provocaron la muerte a D. C. S., mientras que J. Y. M. N. result\u00f3 con heridas por las que tuvo que recibir atenci\u00f3n m\u00e9dica.<\/p>\n<p>Luego que la FGEO tuvo conocimiento de los hechos, se iniciaron las investigaciones que quedaron a cargo de la Fiscal\u00eda Especializada para la Atenci\u00f3n a Delitos de Alto Impacto que reuni\u00f3 las pruebas suficientes que permitieron obtener una orden de aprehensi\u00f3n y detenci\u00f3n del imputado, quien qued\u00f3 bajo proceso penal.<\/p>\n<p>Gracias a los datos de prueba aportados por la Fiscal\u00eda de Oaxaca, en audiencia de debate de dict\u00f3 fallo condenatorio en contra de Melvin Escoot B. A., alias \u201cEl Mamado\u201d, por su responsabilidad en la comisi\u00f3n de los delitos de Homicidio Calificado con Ventaja y Tentativa de Homicidio Calificado.<\/p>\n<p>El empleo de protocolos y la aplicaci\u00f3n de t\u00e9cnicas cient\u00edficas en las investigaciones de cr\u00edmenes, permiten a la Fiscal\u00eda de Oaxaca tener certeza en los trabajos de procuraci\u00f3n de justicia en el estado.<\/p>\n<p><img fetchpriority=\"high\" decoding=\"async\" class=\"alignnone size-medium wp-image-5564\" src=\"https:\/\/portal.fgeo.gob.mx\/wp-content\/uploads\/2023\/12\/BOLET%C3%8DN-515-Obtiene-Fiscal%C3%ADa-de-Oaxaca-fallo-condenatorio-contra-responsable-de-homicidio-cometido-en-San-Agust%C3%ADn-de-la-Juntas_page-0001-232x300.jpg\" alt=\"\" width=\"232\" height=\"300\" \/><\/p>\n","protected":false},"author":2,"featured_media":5497,"comment_status":"closed","ping_status":"closed","template":"","tags":[],"categoria_noticias":[],"class_list":["post-15910","noticias","type-noticias","status-publish","has-post-thumbnail","hentry"],"acf":[],"mb":[],"mfb_rest_fields":["title","gutenberg_elementor_mode"],"_links":{"self":[{"href":"https:\/\/portal.fgeo.gob.mx\/index.php\/wp-json\/wp\/v2\/noticias\/15910","targetHints":{"allow":["GET"]}}],"collection":[{"href":"https:\/\/portal.fgeo.gob.mx\/index.php\/wp-json\/wp\/v2\/noticias"}],"about":[{"href":"https:\/\/portal.fgeo.gob.mx\/index.php\/wp-json\/wp\/v2\/types\/noticias"}],"author":[{"embeddable":true,"href":"https:\/\/portal.fgeo.gob.mx\/index.php\/wp-json\/wp\/v2\/users\/2"}],"replies":[{"embeddable":true,"href":"https:\/\/portal.fgeo.gob.mx\/index.php\/wp-json\/wp\/v2\/comments?post=15910"}],"wp:featuredmedia":[{"embeddable":true,"href":"https:\/\/portal.fgeo.gob.mx\/index.php\/wp-json\/"}],"wp:attachment":[{"href":"https:\/\/portal.fgeo.gob.mx\/index.php\/wp-json\/wp\/v2\/media?parent=15910"}],"wp:term":[{"taxonomy":"post_tag","embeddable":true,"href":"https:\/\/portal.fgeo.gob.mx\/index.php\/wp-json\/wp\/v2\/tags?post=15910"},{"taxonomy":"categoria_noticias","embeddable":true,"href":"https:\/\/portal.fgeo.gob.mx\/index.php\/wp-json\/wp\/v2\/categoria_noticias?post=15910"}],"curies":[{"name":"wp","href":"https:\/\/api.w.org\/{rel}","templated":true}]}}