{"id":15909,"date":"2023-12-10T18:08:08","date_gmt":"2023-12-11T00:08:08","guid":{"rendered":"https:\/\/fge.oaxaca.gob.mx\/?post_type=noticias&amp;p=5554"},"modified":"2023-12-10T18:08:08","modified_gmt":"2023-12-11T00:08:08","slug":"boletin-513-realiza-agencia-estatal-de-investigaciones-primera-carrera-atletica-de-convivencia","status":"publish","type":"noticias","link":"https:\/\/portal.fgeo.gob.mx\/index.php\/archivos\/noticias\/boletin-513-realiza-agencia-estatal-de-investigaciones-primera-carrera-atletica-de-convivencia","title":{"rendered":"BOLET\u00cdN 513 &#8211; Realiza Agencia Estatal de Investigaciones primera carrera Atl\u00e9tica de Convivencia"},"content":{"rendered":"<p><strong>Oaxaca de Ju\u00e1rez, Oax., a 10 de diciembre de 2023.- <\/strong>Bajo la premisa de incentivar el deporte como estrategia para fomentar la sana convivencia, as\u00ed como consolidar el trabajo en equipo, la Agencia Estatal de Investigaciones (AEI), llev\u00f3 a cabo la Primera Carrera Atl\u00e9tica de Convivencia.<\/p>\n<p><img fetchpriority=\"high\" decoding=\"async\" class=\"alignnone size-medium wp-image-5555\" src=\"https:\/\/portal.fgeo.gob.mx\/wp-content\/uploads\/2023\/12\/BOLET%C3%8DN-513-Realiza-Agencia-Estatal-de-Investigaciones-primera-carrera-Atl%C3%A9tica-de-Convivencia-1-300x200.jpeg\" alt=\"\" width=\"300\" height=\"200\" \/><\/p>\n<p>El Fiscal General del Estado de Oaxaca, Bernardo Rodr\u00edguez Alamilla, encabez\u00f3 el evento deportivo, en el que participaron deportistas de este organismo aut\u00f3nomo, as\u00ed como el coordinador de la AEI, Jaciel V\u00e1squez Castro.<\/p>\n<p><img decoding=\"async\" class=\"alignnone size-medium wp-image-5556\" src=\"https:\/\/portal.fgeo.gob.mx\/wp-content\/uploads\/2023\/12\/BOLET%C3%8DN-513-Realiza-Agencia-Estatal-de-Investigaciones-primera-carrera-Atl%C3%A9tica-de-Convivencia5-300x200.jpeg\" alt=\"\" width=\"300\" height=\"200\" \/>\u00a0 \u00a0\u00a0<img decoding=\"async\" class=\"alignnone size-medium wp-image-5559\" src=\"https:\/\/portal.fgeo.gob.mx\/wp-content\/uploads\/2023\/12\/BOLET%C3%8DN-513-Realiza-Agencia-Estatal-de-Investigaciones-primera-carrera-Atl%C3%A9tica-de-Convivencia3-300x200.jpeg\" alt=\"\" width=\"300\" height=\"200\" \/><\/p>\n<p>\u201cEl ejercicio promueve la convivencia y consolida los equipos, de tal forma que el objetivo de esta justa consiste en fortalecer la instituci\u00f3n de manera integral y convertirla en una cl\u00e1sica\u201d, recalc\u00f3 el Fiscal de Oaxaca.<\/p>\n<p>La carrera se realiz\u00f3 la ma\u00f1ana de este domingo en la pista del bosque El Tequio, en la que participaron m\u00e1s de 200 elementos de la AEI, entre mujeres y hombres que, a su vez, se dividieron en dos categor\u00edas: la primera, de cinco kil\u00f3metros, mientras que la segunda, de 10 kil\u00f3metros y en la que se premi\u00f3 a los tres primeros lugares de cada divisi\u00f3n.<\/p>\n<p><img loading=\"lazy\" decoding=\"async\" class=\"alignnone size-medium wp-image-5557\" src=\"https:\/\/portal.fgeo.gob.mx\/wp-content\/uploads\/2023\/12\/BOLET%C3%8DN-513-Realiza-Agencia-Estatal-de-Investigaciones-primera-carrera-Atl%C3%A9tica-de-Convivencia8-300x200.jpeg\" alt=\"\" width=\"300\" height=\"200\" \/>\u00a0 \u00a0<img loading=\"lazy\" decoding=\"async\" class=\"alignnone size-medium wp-image-5558\" src=\"https:\/\/portal.fgeo.gob.mx\/wp-content\/uploads\/2023\/12\/BOLET%C3%8DN-513-Realiza-Agencia-Estatal-de-Investigaciones-primera-carrera-Atl%C3%A9tica-de-Convivencia7-300x200.jpeg\" alt=\"\" width=\"300\" height=\"200\" \/><\/p>\n<p>\u201c\u00a1Felicitaciones a las ganadoras y ganadores! Adem\u00e1s de mi reconocimiento a todas y todos quienes participaron en esta carrera creada para la convivencia de todas las \u00e1reas de la Fiscal\u00eda que es una instituci\u00f3n sana y s\u00f3lida\u201d, se\u00f1al\u00f3 Rodr\u00edguez Alamilla durante el acto de premiaci\u00f3n en el que se entreg\u00f3 un incentivo a las y los ganadores de la competencia.<\/p>\n<p>&nbsp;<\/p>\n<p><img loading=\"lazy\" decoding=\"async\" class=\"alignnone size-medium wp-image-5560\" src=\"https:\/\/portal.fgeo.gob.mx\/wp-content\/uploads\/2023\/12\/BOLET%C3%8DN-513-Realiza-Agencia-Estatal-de-Investigaciones-primera-carrera-Atl%C3%A9tica-de-Convivencia4-300x200.jpeg\" alt=\"\" width=\"300\" height=\"200\" \/>\u00a0\u00a0<img loading=\"lazy\" decoding=\"async\" class=\"alignnone size-medium wp-image-5561\" src=\"https:\/\/portal.fgeo.gob.mx\/wp-content\/uploads\/2023\/12\/BOLET%C3%8DN-513-Realiza-Agencia-Estatal-de-Investigaciones-primera-carrera-Atl%C3%A9tica-de-Convivencia2-300x200.jpeg\" alt=\"\" width=\"300\" height=\"200\" \/>\u00a0\u00a0<img loading=\"lazy\" decoding=\"async\" class=\"alignnone size-medium wp-image-5562\" src=\"https:\/\/portal.fgeo.gob.mx\/wp-content\/uploads\/2023\/12\/BOLET%C3%8DN-513-Realiza-Agencia-Estatal-de-Investigaciones-primera-carrera-Atl%C3%A9tica-de-Convivencia6-300x200.jpeg\" alt=\"\" width=\"300\" height=\"200\" \/><\/p>\n","protected":false},"author":2,"featured_media":5497,"comment_status":"closed","ping_status":"closed","template":"","tags":[],"categoria_noticias":[],"class_list":["post-15909","noticias","type-noticias","status-publish","has-post-thumbnail","hentry"],"acf":[],"mb":[],"mfb_rest_fields":["title","gutenberg_elementor_mode"],"_links":{"self":[{"href":"https:\/\/portal.fgeo.gob.mx\/index.php\/wp-json\/wp\/v2\/noticias\/15909","targetHints":{"allow":["GET"]}}],"collection":[{"href":"https:\/\/portal.fgeo.gob.mx\/index.php\/wp-json\/wp\/v2\/noticias"}],"about":[{"href":"https:\/\/portal.fgeo.gob.mx\/index.php\/wp-json\/wp\/v2\/types\/noticias"}],"author":[{"embeddable":true,"href":"https:\/\/portal.fgeo.gob.mx\/index.php\/wp-json\/wp\/v2\/users\/2"}],"replies":[{"embeddable":true,"href":"https:\/\/portal.fgeo.gob.mx\/index.php\/wp-json\/wp\/v2\/comments?post=15909"}],"wp:featuredmedia":[{"embeddable":true,"href":"https:\/\/portal.fgeo.gob.mx\/index.php\/wp-json\/"}],"wp:attachment":[{"href":"https:\/\/portal.fgeo.gob.mx\/index.php\/wp-json\/wp\/v2\/media?parent=15909"}],"wp:term":[{"taxonomy":"post_tag","embeddable":true,"href":"https:\/\/portal.fgeo.gob.mx\/index.php\/wp-json\/wp\/v2\/tags?post=15909"},{"taxonomy":"categoria_noticias","embeddable":true,"href":"https:\/\/portal.fgeo.gob.mx\/index.php\/wp-json\/wp\/v2\/categoria_noticias?post=15909"}],"curies":[{"name":"wp","href":"https:\/\/api.w.org\/{rel}","templated":true}]}}