{"id":15908,"date":"2023-12-10T13:00:04","date_gmt":"2023-12-10T19:00:04","guid":{"rendered":"https:\/\/fge.oaxaca.gob.mx\/?post_type=noticias&amp;p=5551"},"modified":"2023-12-10T13:00:04","modified_gmt":"2023-12-10T19:00:04","slug":"boletin-512-sedena-guardia-nacional-en-coordinacion-con-fiscalia-de-oaxaca-detienen-a-objetivo-prioritario-en-la-costa","status":"publish","type":"noticias","link":"https:\/\/portal.fgeo.gob.mx\/index.php\/archivos\/noticias\/boletin-512-sedena-guardia-nacional-en-coordinacion-con-fiscalia-de-oaxaca-detienen-a-objetivo-prioritario-en-la-costa","title":{"rendered":"BOLET\u00cdN 512 &#8211; Sedena, Guardia Nacional en coordinaci\u00f3n con Fiscal\u00eda de Oaxaca, detienen a objetivo prioritario en la Costa"},"content":{"rendered":"<p><strong>Oaxaca de Ju\u00e1rez, Oax., a 10 de diciembre de 2023.-<\/strong>\u00a0 En un operativo efectuado por elementos de la Guardia Nacional, Secretar\u00eda de la Defensa Nacional y Fiscal\u00eda General del Estado de Oaxaca (FGEO), se ejecut\u00f3 una orden de aprehensi\u00f3n contra un hombre identificado como M.I.R., alias \u201cEl pantera\u201d.<\/p>\n<p>El imputado por diversos delitos, es uno de los objetivos prioritarios en la regi\u00f3n de la Costa, ya que estar\u00eda involucrado en hechos de violencia, as\u00ed como actividades il\u00edcitas que se configuran en delitos tanto del fuero com\u00fan como del federal, por lo que, se realizaron las investigaciones correspondientes que dieron como resultado su detenci\u00f3n.<\/p>\n<p>Ante ello, M.I.R fue capturado en R\u00edo Verde, cerca de Santiago Jamiltepec ayer s\u00e1bado 9 de diciembre, siendo puesto a disposici\u00f3n de la Fiscal\u00eda General del Estado por los delitos del fuero com\u00fan.<\/p>\n<p>La Fiscal\u00eda de Oaxaca mantiene de manera permanente acciones de inteligencia que permiten detectar objetivos generadores de violencia, as\u00ed como realizar acciones que contribuyan a la paz de las localidades y regiones de la entidad.<\/p>\n<p><img fetchpriority=\"high\" decoding=\"async\" class=\"alignnone size-medium wp-image-5552\" src=\"https:\/\/portal.fgeo.gob.mx\/wp-content\/uploads\/2023\/12\/BOLET%C3%8DN-512-Sedena-Guardia-Nacional-en-coordinaci%C3%B3n-con-Fiscal%C3%ADa-de-Oaxaca-detienen-a-objetivo-prioritario-en-la-Costa_page-0001-232x300.jpg\" alt=\"\" width=\"232\" height=\"300\" \/><\/p>\n","protected":false},"author":2,"featured_media":5461,"comment_status":"closed","ping_status":"closed","template":"","tags":[],"categoria_noticias":[],"class_list":["post-15908","noticias","type-noticias","status-publish","has-post-thumbnail","hentry"],"acf":[],"mb":[],"mfb_rest_fields":["title","gutenberg_elementor_mode"],"_links":{"self":[{"href":"https:\/\/portal.fgeo.gob.mx\/index.php\/wp-json\/wp\/v2\/noticias\/15908","targetHints":{"allow":["GET"]}}],"collection":[{"href":"https:\/\/portal.fgeo.gob.mx\/index.php\/wp-json\/wp\/v2\/noticias"}],"about":[{"href":"https:\/\/portal.fgeo.gob.mx\/index.php\/wp-json\/wp\/v2\/types\/noticias"}],"author":[{"embeddable":true,"href":"https:\/\/portal.fgeo.gob.mx\/index.php\/wp-json\/wp\/v2\/users\/2"}],"replies":[{"embeddable":true,"href":"https:\/\/portal.fgeo.gob.mx\/index.php\/wp-json\/wp\/v2\/comments?post=15908"}],"wp:featuredmedia":[{"embeddable":true,"href":"https:\/\/portal.fgeo.gob.mx\/index.php\/wp-json\/"}],"wp:attachment":[{"href":"https:\/\/portal.fgeo.gob.mx\/index.php\/wp-json\/wp\/v2\/media?parent=15908"}],"wp:term":[{"taxonomy":"post_tag","embeddable":true,"href":"https:\/\/portal.fgeo.gob.mx\/index.php\/wp-json\/wp\/v2\/tags?post=15908"},{"taxonomy":"categoria_noticias","embeddable":true,"href":"https:\/\/portal.fgeo.gob.mx\/index.php\/wp-json\/wp\/v2\/categoria_noticias?post=15908"}],"curies":[{"name":"wp","href":"https:\/\/api.w.org\/{rel}","templated":true}]}}