{"id":15905,"date":"2023-12-08T17:53:45","date_gmt":"2023-12-08T23:53:45","guid":{"rendered":"https:\/\/fge.oaxaca.gob.mx\/?post_type=noticias&amp;p=5540"},"modified":"2023-12-08T17:53:45","modified_gmt":"2023-12-08T23:53:45","slug":"boletin-509-refrenda-fiscalia-de-oaxaca-acuerdo-para-el-reconocimiento-y-proteccion-de-las-personas-defensoras-de-derechos-humanos-en-oaxaca","status":"publish","type":"noticias","link":"https:\/\/portal.fgeo.gob.mx\/index.php\/archivos\/noticias\/boletin-509-refrenda-fiscalia-de-oaxaca-acuerdo-para-el-reconocimiento-y-proteccion-de-las-personas-defensoras-de-derechos-humanos-en-oaxaca","title":{"rendered":"BOLET\u00cdN 509 &#8211; Refrenda Fiscal\u00eda de Oaxaca \u201cAcuerdo para el Reconocimiento y Protecci\u00f3n de las Personas Defensoras de Derechos Humanos en Oaxaca\u201d"},"content":{"rendered":"<p><strong>Oaxaca de Ju\u00e1rez, Oax., a 8 de diciembre de 2023<\/strong>.- La Fiscal\u00eda General del Estado de Oaxaca (FGEO) ha impulsado acciones concretas para la protecci\u00f3n y acceso a la procuraci\u00f3n de justicia de las personas defensoras de derechos humanos, afirm\u00f3 el titular de la FGEO, Bernardo Rodr\u00edguez Alamilla.<\/p>\n<p><img fetchpriority=\"high\" decoding=\"async\" class=\"alignnone size-medium wp-image-5541\" src=\"https:\/\/portal.fgeo.gob.mx\/wp-content\/uploads\/2023\/12\/8-diciembre-Refrenda-Fiscal%C3%ADa-de-Oaxaca-Acuerdo-para-el-Reconocimiento-y-Protecci%C3%B3n-de-las-Personas-Defensoras-de-Derechos-Humanos-en-Oaxaca-3-300x200.jpeg\" alt=\"\" width=\"300\" height=\"200\" \/><\/p>\n<p>Al refrendar el \u201cAcuerdo para el Reconocimiento y la Protecci\u00f3n de las Personas Defensoras de Derechos Humanos en Oaxaca\u201d, en el marco del D\u00eda Internacional para reconocer la labor de este importante sector social, Rodr\u00edguez Alamilla resalt\u00f3 la colaboraci\u00f3n entre la sociedad civil e instituciones, lo que ha permitido desarrollar pol\u00edtica p\u00fablica efectiva.<\/p>\n<p>Acompa\u00f1ado por la titular de la Coordinaci\u00f3n para la Atenci\u00f3n a los Derechos Humanos del Poder Ejecutivo, Flor Estela Morales Hern\u00e1ndez; la Defensora de los Derechos Humanos del Pueblo de Oaxaca, Elizabeth Lara Rodr\u00edguez; la representante de la Organizaci\u00f3n de las Naciones Unidas en M\u00e9xico Mar\u00eda Werneck; \u00a0la coordinadora general de C\u00f3digo DH Gobixha, Candelaria Castellanos y el subsecretario de Prevenci\u00f3n y Reinserci\u00f3n Social de la Secretar\u00eda de Seguridad P\u00fablica y Protecci\u00f3n Ciudadana, Roberto Claudio Castillo Ram\u00edrez; resalt\u00f3 que las personas defensoras de derechos humanos son claves en la sociedad.<\/p>\n<p>Pues, dijo, son una llave que abre la puerta a que las personas puedan ejercer plenamente sus derechos, por ello, garantizarles un entorno adecuado para que desarrollen su actividad es necesario y ben\u00e9fico para toda la sociedad.<\/p>\n<p><img decoding=\"async\" class=\"alignnone size-medium wp-image-5544\" src=\"https:\/\/portal.fgeo.gob.mx\/wp-content\/uploads\/2023\/12\/8-diciembre-Refrenda-Fiscal%C3%ADa-de-Oaxaca-Acuerdo-para-el-Reconocimiento-y-Protecci%C3%B3n-de-las-Personas-Defensoras-de-Derechos-Humanos-en-Oaxaca-4-300x200.jpeg\" alt=\"\" width=\"300\" height=\"200\" \/><\/p>\n<p>Resalt\u00f3 que la Fiscal\u00eda General del Estado ha logrado, por medio de la alianza estrat\u00e9gica que ha significado el Acuerdo, acciones sustantivas en materia de atenci\u00f3n a personas defensoras de derechos humanos, como por ejemplo, el Protocolo de Actuaci\u00f3n Ministerial para la Investigaci\u00f3n de Delitos cometidos contra Personas Defensoras de Derechos Humanos.<\/p>\n<p>Adem\u00e1s, de haberse creado la Unidad Operativa Especializada en Materia de Delitos cometidos contra Personas Defensoras de Derechos Humanos, cuyo personal est\u00e1 en constante capacitaci\u00f3n, proceso en el que la Fiscal\u00eda ha colaborado con la Agencia de los Estados Unidos para el Desarrollo Internacional, pues la especializaci\u00f3n es clave para dar mejores resultados y a\u00f1adi\u00f3 que actualmente tiene 25 carpetas de investigaci\u00f3n en tr\u00e1mite y ha logrado la judicializaci\u00f3n de tres carpetas.<\/p>\n<p>Por su parte, la coordinadora general de C\u00f3digo DH Gobixha, Candelaria Castellanos dijo que socialmente persiste el desconocimiento de la labor que realizan las personas defensoras de derechos humanos, por ello, es sumamente importante impulsar acciones que favorezcan su reconocimiento, como por ejemplo, el \u201cAcuerdo para el Reconocimiento y la Protecci\u00f3n de las Personas Defensoras de Derechos Humanos en Oaxaca\u201d, que entre sus acciones principales se encuentra campa\u00f1as de visibilizaci\u00f3n\u00a0 y promoci\u00f3n de una agenda prioritaria en materia de derechos humanos en la entidad.<\/p>\n<p><img decoding=\"async\" class=\"alignnone size-medium wp-image-5545\" src=\"https:\/\/portal.fgeo.gob.mx\/wp-content\/uploads\/2023\/12\/8-diciembre-Refrenda-Fiscal%C3%ADa-de-Oaxaca-Acuerdo-para-el-Reconocimiento-y-Protecci%C3%B3n-de-las-Personas-Defensoras-de-Derechos-Humanos-en-Oaxaca-1-300x200.jpeg\" alt=\"\" width=\"300\" height=\"200\" \/><\/p>\n<p>Mientras que, la titular de la Coordinaci\u00f3n para la Atenci\u00f3n a los Derechos Humanos, Flor Estela Morales Hern\u00e1ndez expuso que el reconocimiento de las personas defensoras de derechos humanos es un elemento esencial para generar condiciones adecuadas para que puedan desarrollar su actividad.<\/p>\n<p>Por su parte, la Defensora de los Derechos Humanos del Pueblo de Oaxaca, Elizabeth Lara Rodr\u00edguez sostuvo que reconocer y visibilizar a quienes defienden derechos humanos es una obligaci\u00f3n de las instituciones, pero este tipo de actividades en las que se acompa\u00f1a de sociedad civil favorece visibilizar la humanizaci\u00f3n de los procesos lo que permite que cumplan con sus objetivos.<\/p>\n<p>Mientras que, la representante de la Organizaci\u00f3n de las Naciones Unidas en M\u00e9xico, Mar\u00eda Werneck dijo que celebran la realizaci\u00f3n de este tipo de acuerdos y actividades que favorecen el reconocimiento de las personas defensoras de derechos humanos, ya que representa un avance importante en la protecci\u00f3n de las defensoras y defensores de derechos humanos.<\/p>\n<p><img loading=\"lazy\" decoding=\"async\" class=\"alignnone size-medium wp-image-5546\" src=\"https:\/\/portal.fgeo.gob.mx\/wp-content\/uploads\/2023\/12\/8-diciembre-Refrenda-Fiscal%C3%ADa-de-Oaxaca-Acuerdo-para-el-Reconocimiento-y-Protecci%C3%B3n-de-las-Personas-Defensoras-de-Derechos-Humanos-en-Oaxaca-300x200.jpg\" alt=\"\" width=\"300\" height=\"200\" \/><\/p>\n<p>&nbsp;<\/p>\n<p>&nbsp;<\/p>\n","protected":false},"author":2,"featured_media":5497,"comment_status":"closed","ping_status":"closed","template":"","tags":[],"categoria_noticias":[],"class_list":["post-15905","noticias","type-noticias","status-publish","has-post-thumbnail","hentry"],"acf":[],"mb":[],"mfb_rest_fields":["title","gutenberg_elementor_mode"],"_links":{"self":[{"href":"https:\/\/portal.fgeo.gob.mx\/index.php\/wp-json\/wp\/v2\/noticias\/15905","targetHints":{"allow":["GET"]}}],"collection":[{"href":"https:\/\/portal.fgeo.gob.mx\/index.php\/wp-json\/wp\/v2\/noticias"}],"about":[{"href":"https:\/\/portal.fgeo.gob.mx\/index.php\/wp-json\/wp\/v2\/types\/noticias"}],"author":[{"embeddable":true,"href":"https:\/\/portal.fgeo.gob.mx\/index.php\/wp-json\/wp\/v2\/users\/2"}],"replies":[{"embeddable":true,"href":"https:\/\/portal.fgeo.gob.mx\/index.php\/wp-json\/wp\/v2\/comments?post=15905"}],"wp:featuredmedia":[{"embeddable":true,"href":"https:\/\/portal.fgeo.gob.mx\/index.php\/wp-json\/"}],"wp:attachment":[{"href":"https:\/\/portal.fgeo.gob.mx\/index.php\/wp-json\/wp\/v2\/media?parent=15905"}],"wp:term":[{"taxonomy":"post_tag","embeddable":true,"href":"https:\/\/portal.fgeo.gob.mx\/index.php\/wp-json\/wp\/v2\/tags?post=15905"},{"taxonomy":"categoria_noticias","embeddable":true,"href":"https:\/\/portal.fgeo.gob.mx\/index.php\/wp-json\/wp\/v2\/categoria_noticias?post=15905"}],"curies":[{"name":"wp","href":"https:\/\/api.w.org\/{rel}","templated":true}]}}