{"id":15904,"date":"2023-12-07T15:46:18","date_gmt":"2023-12-07T21:46:18","guid":{"rendered":"https:\/\/fge.oaxaca.gob.mx\/?post_type=noticias&amp;p=5538"},"modified":"2023-12-07T15:46:18","modified_gmt":"2023-12-07T21:46:18","slug":"boletin-508-fiscalia-de-oaxaca-obtiene-sentencia-de-15-anos-contra-responsable-de-violacion-cometida-en-la-costa","status":"publish","type":"noticias","link":"https:\/\/portal.fgeo.gob.mx\/index.php\/archivos\/noticias\/boletin-508-fiscalia-de-oaxaca-obtiene-sentencia-de-15-anos-contra-responsable-de-violacion-cometida-en-la-costa","title":{"rendered":"BOLET\u00cdN 508- Fiscal\u00eda de Oaxaca obtiene sentencia de 15 a\u00f1os contra responsable de violaci\u00f3n cometida en la Costa"},"content":{"rendered":"<p>&nbsp;<\/p>\n<p><img decoding=\"async\" class=\"alignnone size-medium wp-image-5491\" src=\"https:\/\/portal.fgeo.gob.mx\/wp-content\/uploads\/2023\/12\/fiscalia-informa-300x150.jpeg\" alt=\"\" width=\"300\" height=\"150\" \/><\/p>\n<p>&nbsp;<\/p>\n<p><strong>Oaxaca de Ju\u00e1rez, Oax., a 7 de diciembre de 2023.- <\/strong>Las investigaciones ministeriales con perspectiva de g\u00e9nero e infancia y adolescencia, que implementa la Fiscal\u00eda General del Estado de Oaxaca (FGEO) en delitos cometidos contra estos sectores, permitieron la obtenci\u00f3n de una sentencia condenatoria de 15 a\u00f1os de prisi\u00f3n en contra de Cornelio R. G., responsable en la comisi\u00f3n del delito de Violaci\u00f3n en agravio de una menor de edad, ocurrido en la regi\u00f3n de la Costa.<\/p>\n<p>&nbsp;<\/p>\n<p>Conforme a lo establecido en el expediente penal del caso, los hechos sucedieron el 18 de abril de 2018, cuando la v\u00edctima (cuya identidad est\u00e1 reservada por ley) se dirig\u00eda al monte, y al detenerse en el paraje conocido como \u201cEl Baj\u00edo\u201d, perteneciente al municipio de Santiago Pinotepa Nacional, Cornelio R. G., la amenaz\u00f3, para enseguida agredirla sexualmente, conducta que se configura el delito de Violaci\u00f3n.<\/p>\n<p>&nbsp;<\/p>\n<p><img fetchpriority=\"high\" decoding=\"async\" class=\"alignnone size-medium wp-image-5539\" src=\"https:\/\/portal.fgeo.gob.mx\/wp-content\/uploads\/2023\/12\/BOLET%C3%8DN-508-Fiscal%C3%ADa-de-Oaxaca-obtiene-sentencia-de-15-a%C3%B1os-contra-responsable-de-violaci%C3%B3n-cometida-en-la-Costa_page-0001-232x300.jpg\" alt=\"\" width=\"232\" height=\"300\" \/><\/p>\n<p>&nbsp;<\/p>\n<p>Luego de recibir la denuncia correspondiente, FGEO inici\u00f3 las investigaciones alrededor de los hechos, a trav\u00e9s de la Vicefiscal\u00eda Regional de la Costa, misma que despleg\u00f3 a la Unidad Operativa de Investigaci\u00f3n de Delitos Cometidos contra la Mujer por Raz\u00f3n de G\u00e9nero para atender el caso.<\/p>\n<p>&nbsp;<\/p>\n<p>La Fiscal\u00eda present\u00f3 los resultados del trabajo multidisciplinario alrededor de este delito, por lo que el Juez tuvo los elementos jur\u00eddicos con los que se logr\u00f3 establecer la responsabilidad de Cornelio R. G., y fue sentenciado a 15 a\u00f1os de prisi\u00f3n por la comisi\u00f3n de Violaci\u00f3n, adem\u00e1s del pago de una multa y la reparaci\u00f3n del da\u00f1o.<\/p>\n<p>&nbsp;<\/p>\n<p>La FGEO prioriza los trabajos legales y brinda acompa\u00f1amiento integral para las v\u00edctimas, con el objetivo de garantizar una vida libre de violencia, ante la comisi\u00f3n de delitos sexuales, principalmente en agravio de ni\u00f1as, ni\u00f1os y adolescentes.<\/p>\n","protected":false},"author":2,"featured_media":0,"comment_status":"closed","ping_status":"closed","template":"","tags":[],"categoria_noticias":[],"class_list":["post-15904","noticias","type-noticias","status-publish","hentry"],"acf":[],"mb":[],"mfb_rest_fields":["title","gutenberg_elementor_mode"],"_links":{"self":[{"href":"https:\/\/portal.fgeo.gob.mx\/index.php\/wp-json\/wp\/v2\/noticias\/15904","targetHints":{"allow":["GET"]}}],"collection":[{"href":"https:\/\/portal.fgeo.gob.mx\/index.php\/wp-json\/wp\/v2\/noticias"}],"about":[{"href":"https:\/\/portal.fgeo.gob.mx\/index.php\/wp-json\/wp\/v2\/types\/noticias"}],"author":[{"embeddable":true,"href":"https:\/\/portal.fgeo.gob.mx\/index.php\/wp-json\/wp\/v2\/users\/2"}],"replies":[{"embeddable":true,"href":"https:\/\/portal.fgeo.gob.mx\/index.php\/wp-json\/wp\/v2\/comments?post=15904"}],"wp:attachment":[{"href":"https:\/\/portal.fgeo.gob.mx\/index.php\/wp-json\/wp\/v2\/media?parent=15904"}],"wp:term":[{"taxonomy":"post_tag","embeddable":true,"href":"https:\/\/portal.fgeo.gob.mx\/index.php\/wp-json\/wp\/v2\/tags?post=15904"},{"taxonomy":"categoria_noticias","embeddable":true,"href":"https:\/\/portal.fgeo.gob.mx\/index.php\/wp-json\/wp\/v2\/categoria_noticias?post=15904"}],"curies":[{"name":"wp","href":"https:\/\/api.w.org\/{rel}","templated":true}]}}