{"id":15903,"date":"2023-12-07T15:38:12","date_gmt":"2023-12-07T21:38:12","guid":{"rendered":"https:\/\/fge.oaxaca.gob.mx\/?post_type=noticias&amp;p=5535"},"modified":"2023-12-07T15:38:12","modified_gmt":"2023-12-07T21:38:12","slug":"boletin-507-en-prision-y-vinculadas-a-proceso-tres-personas-imputadas-por-homicidio-cometido-en-la-cuenca-fiscalia-de-oaxaca","status":"publish","type":"noticias","link":"https:\/\/portal.fgeo.gob.mx\/index.php\/archivos\/noticias\/boletin-507-en-prision-y-vinculadas-a-proceso-tres-personas-imputadas-por-homicidio-cometido-en-la-cuenca-fiscalia-de-oaxaca","title":{"rendered":"BOLET\u00cdN 507 &#8211;  En prisi\u00f3n y vinculadas a proceso, tres personas imputadas por homicidio cometido en la Cuenca: Fiscal\u00eda de Oaxaca"},"content":{"rendered":"<p><img decoding=\"async\" class=\"alignnone size-medium wp-image-5497\" src=\"https:\/\/portal.fgeo.gob.mx\/wp-content\/uploads\/2023\/12\/FGO-INFORMA-300x150.jpeg\" alt=\"\" width=\"300\" height=\"150\" \/><\/p>\n<p><strong>Oaxaca de Ju\u00e1rez, Oax., a 7 de diciembre de 2023.- <\/strong>Las investigaciones expeditas y las acciones ministeriales inmediatas realizadas por el equipo multidisciplinario de la Fiscal\u00eda General del Estado de Oaxaca (FGEO), dieron como resultado la detenci\u00f3n y vinculaci\u00f3n a proceso de tres personas: dos hombres (C. M. A. y J. P. T. H.), as\u00ed como una mujer (R. M. N., esposa de la v\u00edctima), por el delito de Homicidio Calificado con Ventaja, cometido en la regi\u00f3n de la Cuenca del Papaloapan.<\/p>\n<p>&nbsp;<\/p>\n<p>De acuerdo con el expediente penal del caso, los hechos ocurrieron el 21 de noviembre de 2023, cuando la v\u00edctima identificada como F. R. G. se encontraba en su domicilio ubicado en la localidad de Selva Segunda, perteneciente al municipio de Acatl\u00e1n de P\u00e9rez Figueroa, lugar al que lleg\u00f3 su agresor quien lo atac\u00f3 con un objeto contundente con el que lo golpe\u00f3 en la cabeza, infligiendo lesiones que le provocaron la muerte.<\/p>\n<p>&nbsp;<\/p>\n<p><img fetchpriority=\"high\" decoding=\"async\" class=\"alignnone size-medium wp-image-5536\" src=\"https:\/\/portal.fgeo.gob.mx\/wp-content\/uploads\/2023\/12\/BOLET%C3%8DN-507-En-prisi%C3%B3n-y-vinculadas-a-proceso-tres-personas-imputadas-por-homicidio-cometido-en-la-Cuenca-Fiscal%C3%ADa-de-Oaxaca_page-0001-232x300.jpg\" alt=\"\" width=\"232\" height=\"300\" \/><\/p>\n<p>&nbsp;<\/p>\n<p>Tras el fallecimiento de la v\u00edctima, los responsables envolvieron el cuerpo en una cobija y lo trasladaron a bordo de un veh\u00edculo a una parcela ubicada entre caminos de terracer\u00eda perteneciente a la localidad de Tetela, en donde abandonaron los restos.<\/p>\n<p>&nbsp;<\/p>\n<p>Luego que la Fiscal\u00eda tom\u00f3 conocimiento del delito, iniciaron las investigaciones a trav\u00e9s de la Vicefiscal\u00eda Regional de la Cuenca, misma que implement\u00f3 los protocolos correspondientes, que permitieron obtener las pruebas con las que se liberaron las \u00f3rdenes de aprehensi\u00f3n por el homicidio.<\/p>\n<p>&nbsp;<\/p>\n<p>Elementos de la Agencia Estatal de Investigaciones (AEI) dieron con el paradero de los imputados, por lo que realiz\u00f3 un despliegue para dar cumplimiento al mandato judicial y detuvieron a tres personas.<\/p>\n<p>&nbsp;<\/p>\n<p>Al presentar ante el Juez las pruebas obtenidas por la FGEO, la autoridad de justicia hall\u00f3 los elementos suficientes para dictar auto de vinculaci\u00f3n a proceso en contra de dos hombres (C. M. A. y J. P. T. H.) y una mujer (R. M. N., esposa de la v\u00edctima), a quienes impuso la medida cautelar de prisi\u00f3n preventiva justificada y otorg\u00f3 dos meses para el cierre de la investigaci\u00f3n complementaria.<\/p>\n<p>&nbsp;<\/p>\n<p>La Fiscal\u00eda de Oaxaca cuenta con personal enfocado en diferentes disciplinas de la investigaci\u00f3n ministerial, el cual est\u00e1 capacitado para la resoluci\u00f3n de delitos de alto impacto que permita a las v\u00edctimas directas e indirectas, pleno acceso a la justicia.<\/p>\n","protected":false},"author":2,"featured_media":5491,"comment_status":"closed","ping_status":"closed","template":"","tags":[],"categoria_noticias":[],"class_list":["post-15903","noticias","type-noticias","status-publish","has-post-thumbnail","hentry"],"acf":[],"mb":[],"mfb_rest_fields":["title","gutenberg_elementor_mode"],"_links":{"self":[{"href":"https:\/\/portal.fgeo.gob.mx\/index.php\/wp-json\/wp\/v2\/noticias\/15903","targetHints":{"allow":["GET"]}}],"collection":[{"href":"https:\/\/portal.fgeo.gob.mx\/index.php\/wp-json\/wp\/v2\/noticias"}],"about":[{"href":"https:\/\/portal.fgeo.gob.mx\/index.php\/wp-json\/wp\/v2\/types\/noticias"}],"author":[{"embeddable":true,"href":"https:\/\/portal.fgeo.gob.mx\/index.php\/wp-json\/wp\/v2\/users\/2"}],"replies":[{"embeddable":true,"href":"https:\/\/portal.fgeo.gob.mx\/index.php\/wp-json\/wp\/v2\/comments?post=15903"}],"wp:featuredmedia":[{"embeddable":true,"href":"https:\/\/portal.fgeo.gob.mx\/index.php\/wp-json\/"}],"wp:attachment":[{"href":"https:\/\/portal.fgeo.gob.mx\/index.php\/wp-json\/wp\/v2\/media?parent=15903"}],"wp:term":[{"taxonomy":"post_tag","embeddable":true,"href":"https:\/\/portal.fgeo.gob.mx\/index.php\/wp-json\/wp\/v2\/tags?post=15903"},{"taxonomy":"categoria_noticias","embeddable":true,"href":"https:\/\/portal.fgeo.gob.mx\/index.php\/wp-json\/wp\/v2\/categoria_noticias?post=15903"}],"curies":[{"name":"wp","href":"https:\/\/api.w.org\/{rel}","templated":true}]}}